{"id":10043,"date":"2023-11-24T12:11:16","date_gmt":"2023-11-24T12:11:16","guid":{"rendered":"https:\/\/feriadeteatro.com\/feria2023\/?p=10043"},"modified":"2023-11-24T12:14:27","modified_gmt":"2023-11-24T12:14:27","slug":"abierto-el-plazo-de-presentacion-de-propuestas-para-la-27o-feria-de-teatro","status":"publish","type":"post","link":"https:\/\/feriadeteatro.com\/feria2023\/2023\/11\/24\/abierto-el-plazo-de-presentacion-de-propuestas-para-la-27o-feria-de-teatro\/","title":{"rendered":"ABIERTO EL PLAZO DE PRESENTACI\u00d3N DE PROPUESTAS PARA LA 27\u00ba FERIA DE TEATRO!"},"content":{"rendered":"<p>Del 20 al 24 de agosto la Feria de Teatro de Castilla y Le\u00f3n\/Ciudad Rodrigo celebrar\u00e1 su 27\u00ba edici\u00f3n, convirti\u00e9ndose de nuevo en un escenario incomparable para que las compa\u00f1\u00edas profesionales muestren sus \u00faltimas creaciones ante los y las profesionales del sector,  as\u00ed como ante el numeroso p\u00fablico que cada a\u00f1o participa en esta cita, ya ineludible, en el panorama teatral.<\/p>\n<p>El plazo de inscripci\u00f3n de propuestas estar\u00e1 abierto hasta el 20 de Febrero de 2024. Toda la informaci\u00f3n sobre la convocatoria y la ficha de inscripci\u00f3n est\u00e1 disponible en www.feriadeteatro.com <\/p>\n","protected":false},"excerpt":{"rendered":"<p>Del 20 al 24 de agosto la Feria de Teatro de Castilla y Le\u00f3n\/Ciudad Rodrigo celebrar\u00e1 su 27\u00ba [&hellip;]<\/p>\n","protected":false},"author":2,"featured_media":10044,"comment_status":"open","ping_status":"open","sticky":false,"template":"","format":"standard","meta":{"footnotes":""},"categories":[7,8],"tags":[98,12,65,87,13,58,31],"class_list":["post-10043","post","type-post","status-publish","format-standard","has-post-thumbnail","hentry","category-notas-de-prensa","category-noticias","tag-27feria","tag-artesescenicas","tag-castillayleon","tag-ciascyl","tag-companias","tag-feriadeteatro","tag-teatro"],"_links":{"self":[{"href":"https:\/\/feriadeteatro.com\/feria2023\/wp-json\/wp\/v2\/posts\/10043","targetHints":{"allow":["GET"]}}],"collection":[{"href":"https:\/\/feriadeteatro.com\/feria2023\/wp-json\/wp\/v2\/posts"}],"about":[{"href":"https:\/\/feriadeteatro.com\/feria2023\/wp-json\/wp\/v2\/types\/post"}],"author":[{"embeddable":true,"href":"https:\/\/feriadeteatro.com\/feria2023\/wp-json\/wp\/v2\/users\/2"}],"replies":[{"embeddable":true,"href":"https:\/\/feriadeteatro.com\/feria2023\/wp-json\/wp\/v2\/comments?post=10043"}],"version-history":[{"count":1,"href":"https:\/\/feriadeteatro.com\/feria2023\/wp-json\/wp\/v2\/posts\/10043\/revisions"}],"predecessor-version":[{"id":10045,"href":"https:\/\/feriadeteatro.com\/feria2023\/wp-json\/wp\/v2\/posts\/10043\/revisions\/10045"}],"wp:featuredmedia":[{"embeddable":true,"href":"https:\/\/feriadeteatro.com\/feria2023\/wp-json\/wp\/v2\/media\/10044"}],"wp:attachment":[{"href":"https:\/\/feriadeteatro.com\/feria2023\/wp-json\/wp\/v2\/media?parent=10043"}],"wp:term":[{"taxonomy":"category","embeddable":true,"href":"https:\/\/feriadeteatro.com\/feria2023\/wp-json\/wp\/v2\/categories?post=10043"},{"taxonomy":"post_tag","embeddable":true,"href":"https:\/\/feriadeteatro.com\/feria2023\/wp-json\/wp\/v2\/tags?post=10043"}],"curies":[{"name":"wp","href":"https:\/\/api.w.org\/{rel}","templated":true}]}}