{"id":10052,"date":"2024-01-29T12:25:51","date_gmt":"2024-01-29T12:25:51","guid":{"rendered":"https:\/\/feriadeteatro.com\/feria2023\/?p=10052"},"modified":"2024-01-29T12:25:51","modified_gmt":"2024-01-29T12:25:51","slug":"la-feria-de-teatro-expone-su-experiencia-en-dinamizacion-juvenil-y-formacion-de-publicos-en-el-encuentro-escena-joven-2024-de-pamplona","status":"publish","type":"post","link":"https:\/\/feriadeteatro.com\/feria2023\/2024\/01\/29\/la-feria-de-teatro-expone-su-experiencia-en-dinamizacion-juvenil-y-formacion-de-publicos-en-el-encuentro-escena-joven-2024-de-pamplona\/","title":{"rendered":"LA FER\u00cdA DE TEATRO EXPONE SU EXPERIENCIA EN DINAMIZACI\u00d3N JUVENIL Y FORMACI\u00d3N DE P\u00daBLICOS EN EL ENCUENTRO \u201cESCENA JOVEN 2024\u201d DE PAMPLONA."},"content":{"rendered":"<p>LA FER\u00cdA DE TEATRO EXPONE SU EXPERIENCIA EN DINAMIZACI\u00d3N JUVENIL Y FORMACI\u00d3N DE P\u00daBLICOS EN EL ENCUENTRO \u201cESCENA JOVEN 2024\u201d DE PAMPLONA.<\/p>\n<p>\tLa Feria de Teatro ha sido invitada a exponer su experiencia en dinamizaci\u00f3n juvenil desde las artes esc\u00e9nicas y la creaci\u00f3n de p\u00fablicos en la primera edici\u00f3n de los encuentros \u201cEscena Joven\u201d, celebrados el 23 y 24 de enero en Pamplona. Este encuentro ha reunido a destacados proyectos especializados en trabajar con p\u00fablico joven desde las artes esc\u00e9nicas- Estos encuentros est\u00e1n organizados por El Punto Gunea, dentro del proyecto Latxa, en colaboraci\u00f3n con el Programa Innova  impulsado por Fundaci\u00f3n Caja Navarra y Fundaci\u00f3n \u00abLa Caixa\u201d,  y del Gobierno de Navarra.<br \/>\n\t\tEsta acci\u00f3n ha supuesto una oportunidad para visibilizar y valorizar el trabajo de promoci\u00f3n esc\u00e9nica que se desarrolla en Ciudad Rodrigo ligado a los procesos promovidos desde la Feria de Teatro. En las diferentes presentaciones participaron representantes de distintos proyectos e iniciativas ligadas a la promoci\u00f3n de las artes esc\u00e9nicas para j\u00f3venes, como el director art\u00edstico de la Mostra de Igualada, del Festival Z de Girona-Salt, de los Encuentros Te Veo de Valladolid,  el director del Teatro C\u00e1novas de M\u00e1laga y t\u00e9cnicos de la Red de Teatros de Navarra y del departamento de cultura de la Generalitat de Catalu\u00f1a entre otros profesionales.<\/p>\n<p>\tEl d\u00eda 24 Manuel Gonz\u00e1lez (director de la Feria de Teatro) y Miriam Hern\u00e1ndez, (coordinadora de los programas de animaci\u00f3n y promoci\u00f3n esc\u00e9nica), participaron en la sesi\u00f3n \u201cCrecimiento art\u00edstico y creaci\u00f3n de nuevos p\u00fablicos\u201d para exponer los procesos de dinamizaci\u00f3n juvenil desde las artes esc\u00e9nicas en la Feria de Teatro de Castilla y Le\u00f3n\/Ciudad Rodrigo promovidos al amparo del programa Divierteatro, mostrando esta iniciativa como modelo de buenas pr\u00e1cticas para la promoci\u00f3n juvenil. Desde su creaci\u00f3n en 1998, la Feria de Teatro complementa las acciones de mercado y encuentro para profesionales, con diferentes iniciativas de participaci\u00f3n ciudadana, enfocadas principalmente en j\u00f3venes, destinadas a facilitar el protagonismo de la juventud local en el proyecto. Se han dise\u00f1ado diferentes procesos de formaci\u00f3n y participaci\u00f3n encauzados principalmente a trav\u00e9s del programa de animaci\u00f3n infanto-juvenil Divierteatro al amparo de la Feria de Teatro (un programa l\u00fadico pedag\u00f3gico de promoci\u00f3n esc\u00e9nica) que se complementan con el programa de Escuela de Espectadores y otras acciones de animaci\u00f3n juvenil. Los proyectos juveniles de la Feria de Teatro est\u00e1n destinados tanto a j\u00f3venes con inquietudes formativas en el campo art\u00edstico, educativo y esc\u00e9nico, como a la poblaci\u00f3n joven mirobrigense en general. A lo largo de las veintis\u00e9is ediciones de Feria se han desarrollado m\u00e1s de cincuenta acciones formativas. El total de personas que han participado en alguna de ellas ha sido de 2.115 personas, por lo que cada a\u00f1o se han formado al amparo de la Feria una media de 81 personas.<\/p>\n","protected":false},"excerpt":{"rendered":"<p>LA FER\u00cdA DE TEATRO EXPONE SU EXPERIENCIA EN DINAMIZACI\u00d3N JUVENIL Y FORMACI\u00d3N DE P\u00daBLICOS EN EL ENCUENTRO \u201cESCENA [&hellip;]<\/p>\n","protected":false},"author":2,"featured_media":10053,"comment_status":"open","ping_status":"open","sticky":false,"template":"","format":"standard","meta":{"footnotes":""},"categories":[7,8],"tags":[12,53,58,67,20,90,85],"class_list":["post-10052","post","type-post","status-publish","format-standard","has-post-thumbnail","hentry","category-notas-de-prensa","category-noticias","tag-artesescenicas","tag-escuelaruraldeespectadoresyespectadoras","tag-feriadeteatro","tag-formacion","tag-infanciayjuventud","tag-ninosyninas","tag-publico"],"_links":{"self":[{"href":"https:\/\/feriadeteatro.com\/feria2023\/wp-json\/wp\/v2\/posts\/10052","targetHints":{"allow":["GET"]}}],"collection":[{"href":"https:\/\/feriadeteatro.com\/feria2023\/wp-json\/wp\/v2\/posts"}],"about":[{"href":"https:\/\/feriadeteatro.com\/feria2023\/wp-json\/wp\/v2\/types\/post"}],"author":[{"embeddable":true,"href":"https:\/\/feriadeteatro.com\/feria2023\/wp-json\/wp\/v2\/users\/2"}],"replies":[{"embeddable":true,"href":"https:\/\/feriadeteatro.com\/feria2023\/wp-json\/wp\/v2\/comments?post=10052"}],"version-history":[{"count":1,"href":"https:\/\/feriadeteatro.com\/feria2023\/wp-json\/wp\/v2\/posts\/10052\/revisions"}],"predecessor-version":[{"id":10054,"href":"https:\/\/feriadeteatro.com\/feria2023\/wp-json\/wp\/v2\/posts\/10052\/revisions\/10054"}],"wp:featuredmedia":[{"embeddable":true,"href":"https:\/\/feriadeteatro.com\/feria2023\/wp-json\/wp\/v2\/media\/10053"}],"wp:attachment":[{"href":"https:\/\/feriadeteatro.com\/feria2023\/wp-json\/wp\/v2\/media?parent=10052"}],"wp:term":[{"taxonomy":"category","embeddable":true,"href":"https:\/\/feriadeteatro.com\/feria2023\/wp-json\/wp\/v2\/categories?post=10052"},{"taxonomy":"post_tag","embeddable":true,"href":"https:\/\/feriadeteatro.com\/feria2023\/wp-json\/wp\/v2\/tags?post=10052"}],"curies":[{"name":"wp","href":"https:\/\/api.w.org\/{rel}","templated":true}]}}