{"id":10071,"date":"2024-07-16T08:24:02","date_gmt":"2024-07-16T08:24:02","guid":{"rendered":"https:\/\/feriadeteatro.com\/feria2023\/?p=10071"},"modified":"2024-07-16T08:24:02","modified_gmt":"2024-07-16T08:24:02","slug":"emilio-de-miguel-camino-escena-norte-y-cultivando-miradas-premios-rosa-maria-garcia-cano-en-su-13o-edicion-2024","status":"publish","type":"post","link":"https:\/\/feriadeteatro.com\/feria2023\/2024\/07\/16\/emilio-de-miguel-camino-escena-norte-y-cultivando-miradas-premios-rosa-maria-garcia-cano-en-su-13o-edicion-2024\/","title":{"rendered":"EMILIO DE MIGUEL, CAMINO ESCENA NORTE Y CULTIVANDO MIRADAS, PREMIOS ROSA MAR\u00cdA GARC\u00cdA CANO EN SU 13\u00ba EDICI\u00d3N &#8211; 2024"},"content":{"rendered":"<p>DESVELADOS LOS GALARDONADOS DE LOS 13\u00aa PREMIOS ROSA MAR\u00cdA GARC\u00cdA CANO |  2024<\/p>\n<p>El d\u00eda 13 de julio se reuni\u00f3 en el Centro Multifuncional Le\u00f3n Felipe de Sequeros  el jurado de los Premios Rosa Mar\u00eda Garc\u00eda Cano 2024, instaurados para reconocer a profesionales de diferentes \u00e1mbitos como recuerdo y homenaje a la fundadora y directora de la Feria de Teatro de Castilla y Le\u00f3n\/Ciudad Rodrigo, fallecida en 2012.  Estos premios est\u00e1n organizados por la Asociaci\u00f3n Cultural Civitas, como entidad promotora de la Feria de Teatro y que Rosa Mar\u00eda Garc\u00eda Cano presid\u00eda. Alcanzan su decimotercera edici\u00f3n manteniendo el impulso con el que se crearon, destinados a reconocer en el marco profesional que supone la Feria de Teatro el trabajo de diferentes personas y entidades volcadas con mejorar nuestra calidad de vida desde la promoci\u00f3n de las artes esc\u00e9nicas. El jurado, integrado por profesionales, personas con vinculaci\u00f3n personal estrecha con Rosa Mar\u00eda Garc\u00eda Cano y personas de la junta directiva de la Asociaci\u00f3n Civitas, ha fallado entre m\u00e1s de una veintena de candidaturas recibidas los siguientes reconocimientos:<\/p>\n<p>Premio 2024 a la promoci\u00f3n de la cultura teatral a Emilio de Miguel Mart\u00ednez (Salamanca)<\/p>\n<p>El jurado ha determinado premiar a Don Emilio de Miguel Mart\u00ednez, por su constante y valioso trabajo de difusi\u00f3n, promoci\u00f3n y valorizaci\u00f3n de las artes esc\u00e9nicas tanto en su trayectoria personal como vital. C\u00e1ntabro afincado en Salamanca desde m\u00e1s de cincuenta a\u00f1os, ha sido catedr\u00e1tico de Literatura Espa\u00f1ola en el departamento de Literatura Espa\u00f1ola e Hispanoamericana de la Universidad de Salamanca y profesor de Literatura Medieval Espa\u00f1ola y de Teatro Espa\u00f1ol Contempor\u00e1neo; destacando su compromiso por fomentar el teatro tanto entre su alumnado como por extensi\u00f3n en toda la comunidad universitaria.<br \/>\nEsta considerado un experto en temas celestinescos, en Buero Vallejo y Miguel Mihura. Doctor por la Universidad de Salamanca con la tesis \u201cEl teatro de Miguel Mihura\u201d 1978, dirigida por C\u00e9sar Real de la Riva; cuenta en su haber con innumerables libros publicados y ediciones, as\u00ed como la publicaci\u00f3n de art\u00edculos y estudios en diversas revistas especializadas.  Cabe destacar sus ediciones de \u201cLa Celestina\u201d, es autor de estudios como \u201cLa Celestina de Fernando de Rojas\u201d (1996), \u201cMelibea en amores: vida y literatura\u201d (2000), \u201cLlantos y Llanto en La Celestina\u201d (2001) o \u201cLa Celestina, madre rehusada del teatro espa\u00f1ol\u201d (2009). En colaboraci\u00f3n con Javier San Jos\u00e9 Lera ha estudiado y editado \u201cEl teatro colegial en la Nueva Espa\u00f1a. Texto y contexto de \u201cEl esposo por enigma\u201d (2006) y con Pedro C\u00e1tedra, \u201cTres coloquios pastoriles de Juan de Vergara y Lope de Rueda\u201d (2006). En 2016 present\u00f3 su libro \u201ca, ante, bajo, cabe, con La Celestina\u201d  y en 2020 vio la luz su libro \u201cPaseo entretenido por textos medievales\u201d. Por otra parte, son rese\u00f1ables igualmente sus estudios sobre poes\u00eda como \u201cLorca desde el llanto\u201d o \u201cJoaqu\u00edn Sabina. Concierto privado\u201d; o textos como \u201cDe Teatro. La preparaci\u00f3n del espectador\u201d donde se aleja de los textos acad\u00e9micos y se puede disfrutar de una prosa amena que invita a la lectura con pasi\u00f3n en un acercamiento tan instructivo como ingenioso y provocador sobre el hecho teatral. M\u00e1s reciente es su publicaci\u00f3n  \u201cDesde la cima. Recuerdos del Camino\u201d, donde entrelaza juegos de escritura como el mismo explica fruto de reflexiones en los tiempos de la pandemia, que conforman un recorrido por su vida con una selecci\u00f3n aguda de momentos rese\u00f1ables sin pretender un orden cronol\u00f3gico.<br \/>\nDirector de los Cursos Internacionales de la USAL de 1982 a 1992, el jurado ha querido destacar tambi\u00e9n su papel como agitador cultural, su impulso para la creaci\u00f3n del Diploma Espa\u00f1ol propio, y potenciar programas singulares como Las Noches de Fonseca.<br \/>\nMiembro de la comisi\u00f3n de selecci\u00f3n de la Feria de Teatro durante m\u00e1s de diez a\u00f1os, ha sido aliado fiel de la Feria jugando un papel clave en la consolidaci\u00f3n del proyecto, as\u00ed como embajador de la misma que ahora disfruta con tino como mordaz espectador. Adem\u00e1s, son destacables infinidad de iniciativas de promoci\u00f3n esc\u00e9nica con actividades espec\u00edficas para su alumnado, participaci\u00f3n en foros diversos o su colaboraci\u00f3n habitual con el Festival Olmedo Cl\u00e1sico donde \u00faltimamente ha dirigido las lecturas dramatizadas, siendo la \u00faltima \u201cFuenteovejuna en sus versos esenciales\u201d, recital de palabra y m\u00fasica. La historia y los pasajes principales de la obra maestra de Lope de Vega.<br \/>\nPor todo ello, el jurado ha decidido otorgarle este premio en reconocimiento a su trayectoria cultural y con admiraci\u00f3n por impulsar el Teatro en el sentido m\u00e1s amplio. <\/p>\n<p>Premio 2024 a Iniciativas de Programas Educativos y de Promoci\u00f3n de las Artes Esc\u00e9nicas para la infancia\/juventud al programa Cultivando Miradas, de Baychimo Teatro (Zamora)<\/p>\n<p>\tCultivando Miradas es un proyecto pedag\u00f3gico que comparte y da a conocer a los ni\u00f1os y ni\u00f1as, de Zamora y su provincia, los recursos que manejan los creadores de las artes esc\u00e9nicas para definir sus puestas en escena, con el fin de cultivar una mirada amplia, diversa y cr\u00edtica.  Es un proyecto que genera acciones en dos fases: un espacio te\u00f3rico en forma de taller previo a la funci\u00f3n y una visita al espacio esc\u00e9nico de su localidad d\u00f3nde contrastar la informaci\u00f3n jugada anteriormente con una puesta en escena profesional que sirva de referencia y ejemplo.<br \/>\n\tEst\u00e1 financiado financiado y apoyado por el Ayuntamiento de Zamora, Diputaci\u00f3n de Zamora, Museo Etnogr\u00e1fico de Castilla y Le\u00f3n y Teatro Principal de Zamora y este a\u00f1o, en su octava edici\u00f3n, han participado en su programaci\u00f3n 16 pueblos de la provincia de Zamora y el setenta y cinco por ciento de los colegios de la ciudad de Zamora. Los responsables del proyecto son los miembros de la compa\u00f1\u00eda Baychimo Teatro<br \/>\n\tEn cada edici\u00f3n de Cultivando Miradas se trabajan aspectos de la puesta en escena diferentes y en torno a ellos se definen los talleres y as\u00ed han podido trabajar con los ni\u00f1os y ni\u00f1as de Zamora en torno a la figura de Shakespeare o de Rodari, a la m\u00e1scara o el t\u00edtere, a la performace, a la danza contempor\u00e1nea, han hecho un taller de dramaturgia para ni\u00f1as y ni\u00f1os de 6 a\u00f1os, la poes\u00eda visual, la diversidad, teatro documento, el circo\u2026 ofreciendo al mismo tiempo contenidos transversales al curriculum escolar.<br \/>\n\tEl jurado ha querido destacar el importante impacto que tiene este proyecto para las localidades que lo acogen, fermentando con el trabajo educativo desde las artes esc\u00e9nicas el esp\u00edritu anal\u00edtico y cr\u00edtico, donde los ni\u00f1os y ni\u00f1as son espectadores activos.<\/p>\n<p>Premio 2024 en reconocimiento de programas de artes esc\u00e9nicas ligadas al medio rural al Circuito Camino Escena Norte (Galicia, Asturias, Cantabria, Pa\u00eds Vasco y Navarra)<\/p>\n<p>\tEl Premio a iniciativas destacadas de Artes Esc\u00e9nicas ligadas al medio rural se otorga a  la Camino Escena Norte Agrupaci\u00f3n de Inter\u00e9s Econ\u00f3mico, integrado por las asociaciones profesionales de empresas artes esc\u00e9nicas Escena Galega (Galicia), EscenAsturias (Asturias), ACEPAE (Cantabria), Eskena (Pa\u00eds Vasco) y ESNAEscena (Navarra) por  desarrollar un proyecto en com\u00fan, original y pionero, que se forj\u00f3 en diferentes encuentros en cada una de las CCAA implicadas desde el a\u00f1o 2016, en 2019 fructifica con la creaci\u00f3n de una supraentidad  desde la que se coordina y gestiona el proyecto. El jurado ha querido reconocer la constancia y rigurosidad en el trabajo mancomunado, que implica tambi\u00e9n una reivindicaci\u00f3n del asociacionismo y el valor del trabajo en com\u00fan, pues Camino Escena Norte aglutina a trav\u00e9s de las asociaciones que lo integran casi 150 compa\u00f1\u00edas productoras de teatro, t\u00edteres, danza y nuevo circo que son reflejo de la enorme calidad, variedad y diversidad de las artes esc\u00e9nicas gallegas, asturianas, c\u00e1ntabras, vascas y navarras.<br \/>\n\tEn 2024 se celebrar\u00e1 la 6\u00aa edici\u00f3n con un marco de crecimiento del 30% en n\u00famero de funciones respecto al a\u00f1o 2022 del Itinerario Constelaciones, y un 130% respecto a la primera edici\u00f3n pasando de 28 a 65, con un total de 20 nuevas sedes. Desde los miembros del jurado han destacado la coherencia de planteamientos y ejecuci\u00f3n de Camino Escena Norte, que se fundamenta en sus l\u00edneas estrat\u00e9gicas que se vertebran en el concepto de sostenibilidad del proyecto desde una perspectiva transversal, la generaci\u00f3n de una s\u00f3lida red de colaboradores, y la apuesta por nuevas centralidades, pues Camino Escena Norte enfoca su \u00e1mbito de actuaci\u00f3n en cinco Comunidades de la periferia del Estado, y en cierta manera tambi\u00e9n perif\u00e9ricas en las din\u00e1micas centralizadas de distribuci\u00f3n esc\u00e9nica en Espa\u00f1a. Con el objetivo de crear un nuevo \u201cterritorio cultural com\u00fan\u201d, y con el eje vertebrador de los Caminos de Santiago, la mayor ruta de conexi\u00f3n cultural de Europa, han sido capaces de trazar un corredor de cooperaci\u00f3n e intercambio en el que han diversificado los lugares de actividad, prestando especial atenci\u00f3n a los contextos no urbanos, pueblos peque\u00f1as y medias; apostando por acercar a ciertos espacios y pueblos un tipo de programaci\u00f3n a la que hasta ahora sus p\u00fablicos no pod\u00edan acceder.<\/p>\n<p>\tLa entrega de los premios, como es habitual, se realizar\u00e1 al amparo de la celebraci\u00f3n de la 27\u00aa Feria de Teatro de Castilla y Le\u00f3n\/Ciudad Rodrigo, el d\u00eda 21 de agosto de 2024. <\/p>\n","protected":false},"excerpt":{"rendered":"<p>DESVELADOS LOS GALARDONADOS DE LOS 13\u00aa PREMIOS ROSA MAR\u00cdA GARC\u00cdA CANO | 2024 El d\u00eda 13 de julio [&hellip;]<\/p>\n","protected":false},"author":2,"featured_media":10072,"comment_status":"open","ping_status":"open","sticky":false,"template":"","format":"standard","meta":{"footnotes":""},"categories":[7,8],"tags":[98,12,57,58,18,27,28,29,30,31],"class_list":["post-10071","post","type-post","status-publish","format-standard","has-post-thumbnail","hentry","category-notas-de-prensa","category-noticias","tag-27feria","tag-artesescenicas","tag-cultura","tag-feriadeteatro","tag-gestioncultural-infanciayjuventud","tag-premios","tag-premiosrosa","tag-reconocmientos","tag-rural","tag-teatro"],"_links":{"self":[{"href":"https:\/\/feriadeteatro.com\/feria2023\/wp-json\/wp\/v2\/posts\/10071","targetHints":{"allow":["GET"]}}],"collection":[{"href":"https:\/\/feriadeteatro.com\/feria2023\/wp-json\/wp\/v2\/posts"}],"about":[{"href":"https:\/\/feriadeteatro.com\/feria2023\/wp-json\/wp\/v2\/types\/post"}],"author":[{"embeddable":true,"href":"https:\/\/feriadeteatro.com\/feria2023\/wp-json\/wp\/v2\/users\/2"}],"replies":[{"embeddable":true,"href":"https:\/\/feriadeteatro.com\/feria2023\/wp-json\/wp\/v2\/comments?post=10071"}],"version-history":[{"count":1,"href":"https:\/\/feriadeteatro.com\/feria2023\/wp-json\/wp\/v2\/posts\/10071\/revisions"}],"predecessor-version":[{"id":10073,"href":"https:\/\/feriadeteatro.com\/feria2023\/wp-json\/wp\/v2\/posts\/10071\/revisions\/10073"}],"wp:featuredmedia":[{"embeddable":true,"href":"https:\/\/feriadeteatro.com\/feria2023\/wp-json\/wp\/v2\/media\/10072"}],"wp:attachment":[{"href":"https:\/\/feriadeteatro.com\/feria2023\/wp-json\/wp\/v2\/media?parent=10071"}],"wp:term":[{"taxonomy":"category","embeddable":true,"href":"https:\/\/feriadeteatro.com\/feria2023\/wp-json\/wp\/v2\/categories?post=10071"},{"taxonomy":"post_tag","embeddable":true,"href":"https:\/\/feriadeteatro.com\/feria2023\/wp-json\/wp\/v2\/tags?post=10071"}],"curies":[{"name":"wp","href":"https:\/\/api.w.org\/{rel}","templated":true}]}}