{"id":7187,"date":"2022-07-04T12:32:22","date_gmt":"2022-07-04T12:32:22","guid":{"rendered":"https:\/\/feriadeteatro.com\/feria2023\/?p=7187"},"modified":"2022-07-04T12:32:22","modified_gmt":"2022-07-04T12:32:22","slug":"la-feria-de-teatro-de-castilla-y-leon-renueva-su-acuerdo-de-colaboracion-con-la-feira-iberica-de-teatro-de-fundao-portugal","status":"publish","type":"post","link":"https:\/\/feriadeteatro.com\/feria2023\/2022\/07\/04\/la-feria-de-teatro-de-castilla-y-leon-renueva-su-acuerdo-de-colaboracion-con-la-feira-iberica-de-teatro-de-fundao-portugal\/","title":{"rendered":"LA FERIA DE TEATRO DE CASTILLA Y LE\u00d3N RENUEVA SU ACUERDO DE COLABORACI\u00d3N CON LA FEIRA IB\u00c9RICA DE TEATRO DE FUND\u00c2O (PORTUGAL)"},"content":{"rendered":"<p>LA FERIA DE TEATRO DE CASTILLA Y LE\u00d3N RENUEVA SU ACUERDO DE COLABORACI\u00d3N CON LA FEIRA IB\u00c9RICA DE TEATRO DE FUND\u00c2O (PORTUGAL)<\/p>\n<p>    \tEl pasado 2 de julio, durante el desarrollo de la tercera edici\u00f3n de la Feria de Teatro Ib\u00e9rico de Fund\u00e2o (Portugal), se procedi\u00f3 a la firma del acuerdo de colaboraci\u00f3n entre la Asociaci\u00f3n Civitas en el sal\u00f3n de plenos de la C\u00e1mara Municipal de Fund\u00e2o, por el que se renuevan las acciones de colaboraci\u00f3n y cooperaci\u00f3n entre la Feria Ib\u00e9rica y la Feria de Teatro de Castilla y Le\u00f3n\/Ciudad Rodrigo, iniciadas en el a\u00f1o 2019. Gracias a esta colaboraci\u00f3n, compa\u00f1\u00edas de Castilla y Le\u00f3n muestran su trabajo en el mercado esc\u00e9nico de Fund\u00e2o, actualmente el \u00fanico de estas caracter\u00edsticas en Portugal. En esta ocasi\u00f3n, han participado tres compa\u00f1\u00edas de Castilla y Le\u00f3n, dos de ellas seleccionadas en la \u00faltima edici\u00f3n de la Feria de Teatro de Ciudad Rodrigo: Teatro Corsario con \u201cCelestina Infernal\u201d y Arawake con \u201cEl Titiriscopio\u201d. <\/p>\n<p>\tEn el marco de la firma de este acuerdo participan el Presidente de la C\u00e1mara Municipal de Fund\u00e2o Paulo Fern\u00e1ndes, y Alexandre Barata en representaci\u00f3n de Este Esta\u00e7ao Teatral, entidad organizadora de la Feria junto al ayuntamiento. En el mismo acto, se procedi\u00f3 tambi\u00e9n a la firma de acuerdos similares de la Feria Ib\u00e9rica con la Muestra de Artes Esc\u00e9nicas de Extremadura y MadFeria, Feria de AA.EE. de Madrid. Igualmente, durante el desarrollo de la Feria, los representantes de la Feria de Teatro de Castilla y Le\u00f3n participaron en las actividades profesionales, tales como los encuentros de negocio, as\u00ed como tuvieron ocasi\u00f3n de presentar las experiencias de trabajo de la Asociaci\u00f3n Civitas en los programas de Escuela de Espectadores, nacidos al amparo de la Feria de Teatro. <\/p>\n","protected":false},"excerpt":{"rendered":"<p>LA FERIA DE TEATRO DE CASTILLA Y LE\u00d3N RENUEVA SU ACUERDO DE COLABORACI\u00d3N CON LA FEIRA IB\u00c9RICA DE [&hellip;]<\/p>\n","protected":false},"author":2,"featured_media":7188,"comment_status":"open","ping_status":"open","sticky":false,"template":"","format":"standard","meta":{"footnotes":""},"categories":[7,8],"tags":[],"class_list":["post-7187","post","type-post","status-publish","format-standard","has-post-thumbnail","hentry","category-notas-de-prensa","category-noticias"],"_links":{"self":[{"href":"https:\/\/feriadeteatro.com\/feria2023\/wp-json\/wp\/v2\/posts\/7187","targetHints":{"allow":["GET"]}}],"collection":[{"href":"https:\/\/feriadeteatro.com\/feria2023\/wp-json\/wp\/v2\/posts"}],"about":[{"href":"https:\/\/feriadeteatro.com\/feria2023\/wp-json\/wp\/v2\/types\/post"}],"author":[{"embeddable":true,"href":"https:\/\/feriadeteatro.com\/feria2023\/wp-json\/wp\/v2\/users\/2"}],"replies":[{"embeddable":true,"href":"https:\/\/feriadeteatro.com\/feria2023\/wp-json\/wp\/v2\/comments?post=7187"}],"version-history":[{"count":1,"href":"https:\/\/feriadeteatro.com\/feria2023\/wp-json\/wp\/v2\/posts\/7187\/revisions"}],"predecessor-version":[{"id":7189,"href":"https:\/\/feriadeteatro.com\/feria2023\/wp-json\/wp\/v2\/posts\/7187\/revisions\/7189"}],"wp:featuredmedia":[{"embeddable":true,"href":"https:\/\/feriadeteatro.com\/feria2023\/wp-json\/wp\/v2\/media\/7188"}],"wp:attachment":[{"href":"https:\/\/feriadeteatro.com\/feria2023\/wp-json\/wp\/v2\/media?parent=7187"}],"wp:term":[{"taxonomy":"category","embeddable":true,"href":"https:\/\/feriadeteatro.com\/feria2023\/wp-json\/wp\/v2\/categories?post=7187"},{"taxonomy":"post_tag","embeddable":true,"href":"https:\/\/feriadeteatro.com\/feria2023\/wp-json\/wp\/v2\/tags?post=7187"}],"curies":[{"name":"wp","href":"https:\/\/api.w.org\/{rel}","templated":true}]}}