{"id":7243,"date":"2022-07-12T16:09:39","date_gmt":"2022-07-12T16:09:39","guid":{"rendered":"https:\/\/feriadeteatro.com\/feria2023\/?p=7243"},"modified":"2022-07-19T11:39:57","modified_gmt":"2022-07-19T11:39:57","slug":"inscripcion-abierta-para-el-talle-de-cofae-sabes-todo-lo-que-ofrece-una-feria","status":"publish","type":"post","link":"https:\/\/feriadeteatro.com\/feria2023\/2022\/07\/12\/inscripcion-abierta-para-el-talle-de-cofae-sabes-todo-lo-que-ofrece-una-feria\/","title":{"rendered":"INSCRIPCI\u00d3N ABIERTA PARA EL TALLER DE COFAE &#8211; \u00bfSABES TODO LO QUE OFRECE UNA FERIA?"},"content":{"rendered":"<p>COFAE (Coordinadora de Ferias de Artes Esc\u00e9nicas del Estado) imparte un taller formativo en colaboraci\u00f3n con la Feria de Teatro que pretende compartir din\u00e1micas y estrategias en referencia a los contenidos art\u00edsticos, las l\u00f3gicas de mercado y los encuentros de trabajo en el espacio\/tiempo de una feria de Artes Esc\u00e9nicas. Nos preguntaremos c\u00f3mo sacar el m\u00e1ximo partido a una feria de artes esc\u00e9nicas, pues el modelo de feria ha evolucionado en el tiempo, llegando a ser una programaci\u00f3n concentrada en unos d\u00edas puntuales en un mercado y que, en los \u00faltimos a\u00f1os, se ha visto complementada por un extenso programa de actividades profesionales de encuentro, de mediaci\u00f3n y transversales (networking, asambleas, presentaciones de libros, proyectos, talleres, intercambios, etc.)<br \/>\nEsta c\u00e1psula formativa que pretende compartir din\u00e1micas y estrategias en referencia a los contenidos art\u00edsticos, las l\u00f3gicas de mercado, los encuentros y jornadas profesionales y las actividades paralelas desarrolladas antes, durante y despu\u00e9s de las ferias. Planificar, ejecutar y hacer seguimiento de nuestro paso por la feria para que nuestro trabajo resulte lo m\u00e1s satisfactorio posible.<br \/>\nEl taller se articula en dos partes, una destinada a conocer el funcionamiento general de las ferias de COFAE y otra en el que se analizan las particularidades y el funcionamiento de la Feria de Teatro de Castilla y Le\u00f3n\/Ciudad Rodrigo.<br \/>\nLas conductoras\/mediadoras de este taller organizado por COFAE ser\u00e1n: Abigail Ballester Ari\u00f1o, (gerente de la TTP, Asociaci\u00f3n Profesional de Teatro para Todos los P\u00fablicoS de Catalunya) y Margarida Troguet Taull, (gestora esc\u00e9nica curatorial y vicepresidenta del CoNCA, Consejo Nacional de la Cultura y de las Artes de Catalunya).<\/p>\n<p>El taller est\u00e1 dirigido a profesionales de las artes esc\u00e9nicas y en especial para los gestores, artistas, compa\u00f1\u00edas, distribuidores, productores, programadores y otros profesionales.<br \/>\nD\u00eda: 23 de agosto<br \/>\nHorario: de 11:30 a 14:00 y comida conjunta de los participantes que lo deseen invitados por la organizaci\u00f3n.<br \/>\nLugar: Espacio i (C\/ San Fernando 9-11, Ciudad Rodrigo)<br \/>\nInscripci\u00f3n gratuita en info@feriadeteatro.com . Plazo de inscripci\u00f3n: hasta el 13 de agosto<\/p>\n","protected":false},"excerpt":{"rendered":"<p>COFAE (Coordinadora de Ferias de Artes Esc\u00e9nicas del Estado) imparte un taller formativo en colaboraci\u00f3n con la Feria [&hellip;]<\/p>\n","protected":false},"author":2,"featured_media":7244,"comment_status":"open","ping_status":"open","sticky":false,"template":"","format":"standard","meta":{"footnotes":""},"categories":[7,8],"tags":[62,12,66,13,68,67,64],"class_list":["post-7243","post","type-post","status-publish","format-standard","has-post-thumbnail","hentry","category-notas-de-prensa","category-noticias","tag-25feria","tag-artesescenicas","tag-cofae","tag-companias","tag-feriaartesescenicas","tag-formacion","tag-profesionales"],"_links":{"self":[{"href":"https:\/\/feriadeteatro.com\/feria2023\/wp-json\/wp\/v2\/posts\/7243","targetHints":{"allow":["GET"]}}],"collection":[{"href":"https:\/\/feriadeteatro.com\/feria2023\/wp-json\/wp\/v2\/posts"}],"about":[{"href":"https:\/\/feriadeteatro.com\/feria2023\/wp-json\/wp\/v2\/types\/post"}],"author":[{"embeddable":true,"href":"https:\/\/feriadeteatro.com\/feria2023\/wp-json\/wp\/v2\/users\/2"}],"replies":[{"embeddable":true,"href":"https:\/\/feriadeteatro.com\/feria2023\/wp-json\/wp\/v2\/comments?post=7243"}],"version-history":[{"count":2,"href":"https:\/\/feriadeteatro.com\/feria2023\/wp-json\/wp\/v2\/posts\/7243\/revisions"}],"predecessor-version":[{"id":7505,"href":"https:\/\/feriadeteatro.com\/feria2023\/wp-json\/wp\/v2\/posts\/7243\/revisions\/7505"}],"wp:featuredmedia":[{"embeddable":true,"href":"https:\/\/feriadeteatro.com\/feria2023\/wp-json\/wp\/v2\/media\/7244"}],"wp:attachment":[{"href":"https:\/\/feriadeteatro.com\/feria2023\/wp-json\/wp\/v2\/media?parent=7243"}],"wp:term":[{"taxonomy":"category","embeddable":true,"href":"https:\/\/feriadeteatro.com\/feria2023\/wp-json\/wp\/v2\/categories?post=7243"},{"taxonomy":"post_tag","embeddable":true,"href":"https:\/\/feriadeteatro.com\/feria2023\/wp-json\/wp\/v2\/tags?post=7243"}],"curies":[{"name":"wp","href":"https:\/\/api.w.org\/{rel}","templated":true}]}}