{"id":7562,"date":"2022-07-29T11:29:49","date_gmt":"2022-07-29T11:29:49","guid":{"rendered":"https:\/\/feriadeteatro.com\/feria2023\/?p=7562"},"modified":"2022-07-29T11:31:25","modified_gmt":"2022-07-29T11:31:25","slug":"te-veo-con-la-25o-feria-de-teatro","status":"publish","type":"post","link":"https:\/\/feriadeteatro.com\/feria2023\/2022\/07\/29\/te-veo-con-la-25o-feria-de-teatro\/","title":{"rendered":"TE VEO CON LA 25\u00ba FERIA DE TEATRO"},"content":{"rendered":"<p>Con motivo del 25\u00ba aniversario, la Asociaci\u00f3n Te Veo se suma como colaborador especial de la Feria de Teatro arropando la programaci\u00f3n para p\u00fablico infantil y juvenil, as\u00ed como las acciones de promoci\u00f3n de las artes esc\u00e9nicas de las actividades complementarias.<\/p>\n<p>La Asociaci\u00f3n Te Veo de Artes Esc\u00e9nicas para la infancia y la juventud, naci\u00f3 en 1996 con el prop\u00f3sito de convertirse en espacio de referencia de las artes esc\u00e9nicas dirigidas a ni\u00f1os, ni\u00f1as y j\u00f3venes. Desde sus inicios, la asociaci\u00f3n ha apostado por fomentar el intercambio de experiencias de trabajo mediante la creaci\u00f3n de espacios para el di\u00e1logo, el debate y la reflexi\u00f3n. Esta visi\u00f3n ha llevado a Te Veo a colaborar con todas aquellas iniciativas y mercados que cuidan la programaci\u00f3n para este p\u00fablico, como la Feria de Teatro de Castilla y Le\u00f3n\/Ciudad Rodrigo, que desde sus inicios ha apostado por el acceso de la infancia y la juventud a una cultura esc\u00e9nica de calidad.<br \/>\nIntegrada por 61 compa\u00f1\u00edas profesionales de toda Espa\u00f1a, es una de las asociaciones sectoriales m\u00e1s importantes del pa\u00eds. En la programaci\u00f3n de la 25\u00aa Feria de Teatro han sido seleccionadas cuatro compa\u00f1\u00edas asociadas a Te Veo, como son: Teatro de Poniente, Teloncillo, El Aedo y  Spasmo Teatro.<\/p>\n","protected":false},"excerpt":{"rendered":"<p>Con motivo del 25\u00ba aniversario, la Asociaci\u00f3n Te Veo se suma como colaborador especial de la Feria de [&hellip;]<\/p>\n","protected":false},"author":2,"featured_media":7563,"comment_status":"open","ping_status":"open","sticky":false,"template":"","format":"standard","meta":{"footnotes":""},"categories":[8],"tags":[63,62,12,53,58,18,54],"class_list":["post-7562","post","type-post","status-publish","format-standard","has-post-thumbnail","hentry","category-noticias","tag-25anos","tag-25feria","tag-artesescenicas","tag-escuelaruraldeespectadoresyespectadoras","tag-feriadeteatro","tag-gestioncultural-infanciayjuventud","tag-teatrofamiliar"],"_links":{"self":[{"href":"https:\/\/feriadeteatro.com\/feria2023\/wp-json\/wp\/v2\/posts\/7562","targetHints":{"allow":["GET"]}}],"collection":[{"href":"https:\/\/feriadeteatro.com\/feria2023\/wp-json\/wp\/v2\/posts"}],"about":[{"href":"https:\/\/feriadeteatro.com\/feria2023\/wp-json\/wp\/v2\/types\/post"}],"author":[{"embeddable":true,"href":"https:\/\/feriadeteatro.com\/feria2023\/wp-json\/wp\/v2\/users\/2"}],"replies":[{"embeddable":true,"href":"https:\/\/feriadeteatro.com\/feria2023\/wp-json\/wp\/v2\/comments?post=7562"}],"version-history":[{"count":1,"href":"https:\/\/feriadeteatro.com\/feria2023\/wp-json\/wp\/v2\/posts\/7562\/revisions"}],"predecessor-version":[{"id":7564,"href":"https:\/\/feriadeteatro.com\/feria2023\/wp-json\/wp\/v2\/posts\/7562\/revisions\/7564"}],"wp:featuredmedia":[{"embeddable":true,"href":"https:\/\/feriadeteatro.com\/feria2023\/wp-json\/wp\/v2\/media\/7563"}],"wp:attachment":[{"href":"https:\/\/feriadeteatro.com\/feria2023\/wp-json\/wp\/v2\/media?parent=7562"}],"wp:term":[{"taxonomy":"category","embeddable":true,"href":"https:\/\/feriadeteatro.com\/feria2023\/wp-json\/wp\/v2\/categories?post=7562"},{"taxonomy":"post_tag","embeddable":true,"href":"https:\/\/feriadeteatro.com\/feria2023\/wp-json\/wp\/v2\/tags?post=7562"}],"curies":[{"name":"wp","href":"https:\/\/api.w.org\/{rel}","templated":true}]}}