{"id":8197,"date":"2022-08-26T09:27:44","date_gmt":"2022-08-26T09:27:44","guid":{"rendered":"https:\/\/feriadeteatro.com\/feria2023\/?p=8197"},"modified":"2022-08-26T09:27:44","modified_gmt":"2022-08-26T09:27:44","slug":"la-feria-de-teatro-de-castilla-y-leon-despide-su-edicion-del-25-aniversario-con-un-fin-de-fiesta-pirotecnico-musical-y-catorce-funciones","status":"publish","type":"post","link":"https:\/\/feriadeteatro.com\/feria2023\/2022\/08\/26\/la-feria-de-teatro-de-castilla-y-leon-despide-su-edicion-del-25-aniversario-con-un-fin-de-fiesta-pirotecnico-musical-y-catorce-funciones\/","title":{"rendered":"La Feria de Teatro de Castilla y Le\u00f3n despide su edici\u00f3n del 25 aniversario con un fin de fiesta pirot\u00e9cnico-musical y catorce funciones"},"content":{"rendered":"<p>La Feria de Teatro de Castilla y Le\u00f3n despide su edici\u00f3n del 25 aniversario con un fin de fiesta pirot\u00e9cnico-musical y catorce funciones<\/p>\n<p>La valenciana Produccions Scura acudir\u00e1 ma\u00f1ana a Ciudad Rodrigo como compa\u00f1\u00eda invitada para clausurar la vigesimoquinta Feria de Teatro con su espect\u00e1culo \u2018Cavaldeath\u2019. La cita esc\u00e9nica ofrecer\u00e1 en su \u00faltima jornada un abanico de propuestas variadas que incluye teatro de sala y calle para espectadores de todas las edades, circo, humor y danza.<br \/>\nCuatro obras de teatro para ni\u00f1os y ni\u00f1as abrir\u00e1n la programaci\u00f3n de la quinta y \u00faltima jornada de la 25 Feria de Teatro de Castilla y Le\u00f3n. Las primeras convocatorias de ma\u00f1ana s\u00e1bado incluir\u00e1n el estreno en castellano de \u2018Una casa en las alturas\u2019, de los valencianos de La Monda Lironda. Este espect\u00e1culo para la primera infancia, que tendr\u00e1 doble representaci\u00f3n (Espacio en Rosa, 11.00 y 12.30 horas) embarcar\u00e1 a los peque\u00f1os espectadores de uno a cinco a\u00f1os en un \u00abviaje\u00bb que \u00abinvita a crecer y desplegar las alas\u00bb para llegar lejos. A los mayores de cinco a\u00f1os va dirigida \u2018Alas para \u00c1lex\u2019, que interpretar\u00e1n los gallegos de Baobab en el Teatro Nuevo Fernando Arrabal (11.00 horas) y que constituye un relato en torno a la frustraci\u00f3n de un ni\u00f1o que no puede jugar.<br \/>\nLa formaci\u00f3n local Al\u00faa Teatro actuar\u00e1 en su primera comparecencia en la Feria ante los mayores de cuatro a\u00f1os (Sal\u00f3n de Actos Santa Teresa-Misioneras, 12.30 y 20.30 horas) con \u2018El gran Calib\u00e1n (Las locas historias de un circo en miniatura)\u2019, que como refleja su t\u00edtulo se sumerge en la magia de los espect\u00e1culos circenses a modo de cuentacuentos interactivo. La programaci\u00f3n se abrir\u00e1 a continuaci\u00f3n al resto de segmentos del p\u00fablico con un primer espect\u00e1culo dirigido a j\u00f3venes y adultos, \u2018Los panes y los peces\u2019, de otra mirobrigense que act\u00faa tambi\u00e9n por primera vez en el mercado esc\u00e9nico: Atrote Teatro, que aborda el asunto de la Espa\u00f1a vaciada en este montaje que reivindica la sabidur\u00eda popular heredada de las generaciones anteriores y que tendr\u00e1 doble funci\u00f3n en la Sala Tierra (12.30 y 17.30 horas).<br \/>\nLa historia de Rodrigo D\u00edaz de Vivar contada a trav\u00e9s de sus hermanos en \u2018Cid\u2019, de la castellano-manchega Albacity Corporation con m\u00fasica original de La Musga\u00f1a, es una de las producciones dirigidas al p\u00fablico adulto programadas en el Teatro Nuevo Fernando Arrabal (19.00 horas). La extreme\u00f1a Compa\u00f1\u00eda Mar\u00eda Lama explorar\u00e1 desde el lenguaje de la danza y teatral estereotipos y roles atribuidos a la mujer en \u2018Femmes\u2019, ya en la recta final de la programaci\u00f3n (Espacio Afecir, 21.00 horas).<br \/>\nEl humor se impondr\u00e1 en el cierre de las actuaciones de esta 25 Feria de Teatro con las peripecias vitales de la drag Lady Veneno contadas en \u2018Champ\u00e1n por las tetas\u2019, de la vallisoletana Teatro Consentido, que se subir\u00e1 al escenario del patio de Los Sitios a partir de las 23.30 horas. Antes, habr\u00e1 nuevas representaciones de dos compa\u00f1\u00edas de circo ya programadas hoy viernes: el estreno en castellano de \u2018Tuk Tuk: el vaquero que no ment\u00eda\u2019, de la formaci\u00f3n portuguesa Lafontana (plaza de Herrasti,13.00 y 20.00 horas), y \u2018Loop\u2019, de los leoneses Circk About It (Jardines de Bolonia, 20.00 horas).<br \/>\nFin de fiesta con pirotecnia y m\u00fasica en la calle<br \/>\nLa fiesta final del 25 aniversario se celebrar\u00e1 a pie de calle. A las 22.30 horas partir\u00e1 desde la plaza del Castillo el espect\u00e1culo itinerante, musical y pirot\u00e9cnico  \u2018Cavaldeath\u2019, de Produccions Scura, compa\u00f1\u00eda valenciana que se reencontrar\u00e1 con los espectadores de la Feria que le otorgaron el Premio del P\u00fablico antes de la pandemia. En su regreso a Ciudad Rodrigo desplegar\u00e1n un pasacalles inspirado en la tradicional \u2018Danza de la muerte\u2019 medieval entre efectos pirot\u00e9cnicos, de luz y sonido.<br \/>\nDentro de la programaci\u00f3n paralela, tambi\u00e9n Divierteatro se despide de una edici\u00f3n concebida para celebrar el primer cuarto de siglo de la Feria de Teatro. Nuevas actividades y algunas de las m\u00e1s exitosas de las celebradas en anteriores ediciones cerrar\u00e1n este apartado de animaci\u00f3n teatral para ni\u00f1os desde los tres a los catorce a\u00f1os, titulado \u2018La fiesta del teatro\u2019, en su espacio desdoblado por edades de las plazas del Buen Alcalde y del Conde (de 10.00 a 13.00). La instalaci\u00f3n po\u00e9tico sonora \u2018Versos que anidan\u2019, de la compa\u00f1\u00eda zamorana Baychimo, permanecer\u00e1 en el parque de La Florida de 11.00 a 14.00 y de 19.00 a 21.30 horas.<br \/>\nLa Feria de Teatro de Castilla y Le\u00f3n est\u00e1 organizada por la Consejer\u00eda de Cultura, Turismo y Deporte y coordinada por la Asociaci\u00f3n Cultural C\u00edvitas Animaci\u00f3n con la colaboraci\u00f3n del Ayuntamiento de Ciudad Rodrigo y la Diputaci\u00f3n de Salamanca. Apoyan tambi\u00e9n la cita esc\u00e9nica mirobrigense el apoyo del INAEM, la Junta de Extremadura, Asociaciones Federadas de Empresarios de Ciudad Rodrigo (Afecir), la Direcci\u00f3n General de las Artes del Gobierno de Portugal y Cofae.<br \/>\nM\u00e1s informaci\u00f3n en:<br \/>\nwww.feriadeteatro.com <\/p>\n","protected":false},"excerpt":{"rendered":"<p>La Feria de Teatro de Castilla y Le\u00f3n despide su edici\u00f3n del 25 aniversario con un fin de [&hellip;]<\/p>\n","protected":false},"author":2,"featured_media":8198,"comment_status":"open","ping_status":"open","sticky":false,"template":"","format":"standard","meta":{"footnotes":""},"categories":[7,8],"tags":[],"class_list":["post-8197","post","type-post","status-publish","format-standard","has-post-thumbnail","hentry","category-notas-de-prensa","category-noticias"],"_links":{"self":[{"href":"https:\/\/feriadeteatro.com\/feria2023\/wp-json\/wp\/v2\/posts\/8197","targetHints":{"allow":["GET"]}}],"collection":[{"href":"https:\/\/feriadeteatro.com\/feria2023\/wp-json\/wp\/v2\/posts"}],"about":[{"href":"https:\/\/feriadeteatro.com\/feria2023\/wp-json\/wp\/v2\/types\/post"}],"author":[{"embeddable":true,"href":"https:\/\/feriadeteatro.com\/feria2023\/wp-json\/wp\/v2\/users\/2"}],"replies":[{"embeddable":true,"href":"https:\/\/feriadeteatro.com\/feria2023\/wp-json\/wp\/v2\/comments?post=8197"}],"version-history":[{"count":1,"href":"https:\/\/feriadeteatro.com\/feria2023\/wp-json\/wp\/v2\/posts\/8197\/revisions"}],"predecessor-version":[{"id":8199,"href":"https:\/\/feriadeteatro.com\/feria2023\/wp-json\/wp\/v2\/posts\/8197\/revisions\/8199"}],"wp:featuredmedia":[{"embeddable":true,"href":"https:\/\/feriadeteatro.com\/feria2023\/wp-json\/wp\/v2\/media\/8198"}],"wp:attachment":[{"href":"https:\/\/feriadeteatro.com\/feria2023\/wp-json\/wp\/v2\/media?parent=8197"}],"wp:term":[{"taxonomy":"category","embeddable":true,"href":"https:\/\/feriadeteatro.com\/feria2023\/wp-json\/wp\/v2\/categories?post=8197"},{"taxonomy":"post_tag","embeddable":true,"href":"https:\/\/feriadeteatro.com\/feria2023\/wp-json\/wp\/v2\/tags?post=8197"}],"curies":[{"name":"wp","href":"https:\/\/api.w.org\/{rel}","templated":true}]}}