{"id":8704,"date":"2022-12-01T10:30:56","date_gmt":"2022-12-01T10:30:56","guid":{"rendered":"https:\/\/feriadeteatro.com\/feria2023\/?p=8704"},"modified":"2022-12-01T10:47:46","modified_gmt":"2022-12-01T10:47:46","slug":"concluye-el-ii-festival-provincia-a-escena-con-60-representaciones-por-toda-la-provincia","status":"publish","type":"post","link":"https:\/\/feriadeteatro.com\/feria2023\/2022\/12\/01\/concluye-el-ii-festival-provincia-a-escena-con-60-representaciones-por-toda-la-provincia\/","title":{"rendered":"CONCLUYE EL II FESTIVAL PROVINCIA A ESCENA CON 60 REPRESENTACIONES POR TODA LA PROVINCIA"},"content":{"rendered":"<p>La Diputaci\u00f3n Provincial de Salamanca, entidad colaboradora de la Feria de Teatro de Castilla y Le\u00f3n, y con el apoyo de la Junta de Castilla y Le\u00f3n a trav\u00e9s de la Fundaci\u00f3n Siglo,  promueve este Festival por segundo a\u00f1o consecutivo con el objetivo de acercar las artes esc\u00e9nicas a los municipios de la Provincia. En esta edici\u00f3n del Festival  han sido 60 representaciones tanto para p\u00fablico familiar en fin de semana como para los escolares de la provincia llegando a m\u00e1s de 50 municipios diferentes. <\/p>\n","protected":false},"excerpt":{"rendered":"<p>La Diputaci\u00f3n Provincial de Salamanca, entidad colaboradora de la Feria de Teatro de Castilla y Le\u00f3n, y con [&hellip;]<\/p>\n","protected":false},"author":2,"featured_media":8707,"comment_status":"open","ping_status":"open","sticky":false,"template":"","format":"standard","meta":{"footnotes":""},"categories":[7,8],"tags":[12,57,70,74,53,58,18,75],"class_list":["post-8704","post","type-post","status-publish","format-standard","has-post-thumbnail","hentry","category-notas-de-prensa","category-noticias","tag-artesescenicas","tag-cultura","tag-diputacion","tag-diputaciondesalamanca","tag-escuelaruraldeespectadoresyespectadoras","tag-feriadeteatro","tag-gestioncultural-infanciayjuventud","tag-provinciaaescena"],"_links":{"self":[{"href":"https:\/\/feriadeteatro.com\/feria2023\/wp-json\/wp\/v2\/posts\/8704","targetHints":{"allow":["GET"]}}],"collection":[{"href":"https:\/\/feriadeteatro.com\/feria2023\/wp-json\/wp\/v2\/posts"}],"about":[{"href":"https:\/\/feriadeteatro.com\/feria2023\/wp-json\/wp\/v2\/types\/post"}],"author":[{"embeddable":true,"href":"https:\/\/feriadeteatro.com\/feria2023\/wp-json\/wp\/v2\/users\/2"}],"replies":[{"embeddable":true,"href":"https:\/\/feriadeteatro.com\/feria2023\/wp-json\/wp\/v2\/comments?post=8704"}],"version-history":[{"count":1,"href":"https:\/\/feriadeteatro.com\/feria2023\/wp-json\/wp\/v2\/posts\/8704\/revisions"}],"predecessor-version":[{"id":8708,"href":"https:\/\/feriadeteatro.com\/feria2023\/wp-json\/wp\/v2\/posts\/8704\/revisions\/8708"}],"wp:featuredmedia":[{"embeddable":true,"href":"https:\/\/feriadeteatro.com\/feria2023\/wp-json\/wp\/v2\/media\/8707"}],"wp:attachment":[{"href":"https:\/\/feriadeteatro.com\/feria2023\/wp-json\/wp\/v2\/media?parent=8704"}],"wp:term":[{"taxonomy":"category","embeddable":true,"href":"https:\/\/feriadeteatro.com\/feria2023\/wp-json\/wp\/v2\/categories?post=8704"},{"taxonomy":"post_tag","embeddable":true,"href":"https:\/\/feriadeteatro.com\/feria2023\/wp-json\/wp\/v2\/tags?post=8704"}],"curies":[{"name":"wp","href":"https:\/\/api.w.org\/{rel}","templated":true}]}}