{"id":8709,"date":"2022-12-01T10:46:06","date_gmt":"2022-12-01T10:46:06","guid":{"rendered":"https:\/\/feriadeteatro.com\/feria2023\/?p=8709"},"modified":"2022-12-01T12:23:37","modified_gmt":"2022-12-01T12:23:37","slug":"se-abre-el-plazo-de-presentacion-de-propuestas-artisticas-para-la-26-feria-de-teatro-de-castilla-y-leon-ciudad-rodrigo","status":"publish","type":"post","link":"https:\/\/feriadeteatro.com\/feria2023\/2022\/12\/01\/se-abre-el-plazo-de-presentacion-de-propuestas-artisticas-para-la-26-feria-de-teatro-de-castilla-y-leon-ciudad-rodrigo\/","title":{"rendered":"SE ABRE EL PLAZO DE PRESENTACI\u00d3N DE PROPUESTAS ART\u00cdSTICAS PARA LA 26 FERIA DE TEATRO DE CASTILLA Y LE\u00d3N\/CIUDAD RODRIGO."},"content":{"rendered":"<p>Las compa\u00f1\u00edas profesionales interesadas en presentar sus espect\u00e1culos en vivo en la Feria de Teatro, pueden formalizar su inscripci\u00f3n de forma on line en la web www.feriadeteatro.es. El plazo concluye el d\u00eda 15 de Febrero de 2023, y se valorar\u00e1n prioritariamente montajes del a\u00f1o 2022 y 2023, o que no hayan sido estrenados en Espa\u00f1a o en lengua castellana (en todo caso, no se admitir\u00e1n espect\u00e1culos estrenados antes del 31 de marzo de 2021). <\/p>\n<p>La Feria tiene como objeto la promoci\u00f3n de las \u00faltimas producciones teatrales profesionales de procedencia tanto nacional como internacional. Cada edici\u00f3n acoge la programaci\u00f3n de aproximadamente cuarenta compa\u00f1\u00edas, con especial atenci\u00f3n a la participaci\u00f3n de producciones de Castilla y Le\u00f3n y una presencia destacada de Portugal y las comunidades vecinas del occidente peninsular, as\u00ed como participan de espect\u00e1culos de una decena de comunidades aut\u00f3noma.<\/p>\n<p>La Feria de Teatro es un espacio de encuentro y fomento creativo, ofreciendo oportunidades para estimular la din\u00e1mica comercial del sector y su puesta en valor art\u00edstico. Se pueden proponer montajes de cualquier formato, g\u00e9nero o disciplina esc\u00e9nica y destinado a todo tipo de p\u00fablicos, pues la diversidad es una de las se\u00f1as de identidad de este mercado esc\u00e9nico en el que cada edici\u00f3n participan casi trescientas entidades profesionales distintas y cerca de treinta mil espectadores. Se programan tanto espect\u00e1culos de sala como de artes de calle, as\u00ed como se programa en espacios singulares con especial inter\u00e9s en los entornos arquitect\u00f3nicos patrimoniales.<\/p>\n<p>Las compa\u00f1\u00edas podr\u00e1n presentar m\u00e1s de un espect\u00e1culo, siempre que re\u00fanan los requisitos m\u00ednimos exigidos. Se evaluar\u00e1n para la selecci\u00f3n aspectos como: el inter\u00e9s art\u00edstico y la calidad de la propuestas, su adecuaci\u00f3n a las franjas de programaci\u00f3n, espacios y presupuestos de la Feria, su posible inter\u00e9s para los\/las profesionales y p\u00fablico asistente en la Feria, la promoci\u00f3n del teatro en castellano que propicia el espect\u00e1culo,  as\u00ed como el potencial de mercado y proyecci\u00f3n del espect\u00e1culo propuesto. Desde la organizaci\u00f3n se valorar\u00e1 muy positivamente la propuesta de estreno en la Feria o propuesta de estreno en castellano, y el inter\u00e9s y facilidades ofrecidas por participar en la Feria, y se prestar\u00e1 especial atenci\u00f3n a los espect\u00e1culos que los profesionales acreditados a\u00fan no hayan tenido oportunidad de ver en encuentros similares.<br \/>\nLa Feria de Teatro de Castilla y Le\u00f3n\/Ciudad Rodrigo celebrar\u00e1 su 26\u00aa edici\u00f3n del 22 al 26 de agosto de 2023 y est\u00e1 organizada por la Consejer\u00eda de Cultura, Turismo y Deporte de la Junta de Castilla y Le\u00f3n, en colaboraci\u00f3n con el Ayuntamiento de Ciudad Rodrigo, la Diputaci\u00f3n Provincial de Salamanca y la Asociaci\u00f3n CIVITAS, contando con el apoyo de diferentes entidades nacionales e internacionales<\/p>\n","protected":false},"excerpt":{"rendered":"<p>Las compa\u00f1\u00edas profesionales interesadas en presentar sus espect\u00e1culos en vivo en la Feria de Teatro, pueden formalizar su [&hellip;]<\/p>\n","protected":false},"author":2,"featured_media":8710,"comment_status":"open","ping_status":"open","sticky":false,"template":"","format":"standard","meta":{"footnotes":""},"categories":[8],"tags":[12,72,66,13,57,68],"class_list":["post-8709","post","type-post","status-publish","format-standard","has-post-thumbnail","hentry","category-noticias","tag-artesescenicas","tag-civitas","tag-cofae","tag-companias","tag-cultura","tag-feriaartesescenicas"],"_links":{"self":[{"href":"https:\/\/feriadeteatro.com\/feria2023\/wp-json\/wp\/v2\/posts\/8709","targetHints":{"allow":["GET"]}}],"collection":[{"href":"https:\/\/feriadeteatro.com\/feria2023\/wp-json\/wp\/v2\/posts"}],"about":[{"href":"https:\/\/feriadeteatro.com\/feria2023\/wp-json\/wp\/v2\/types\/post"}],"author":[{"embeddable":true,"href":"https:\/\/feriadeteatro.com\/feria2023\/wp-json\/wp\/v2\/users\/2"}],"replies":[{"embeddable":true,"href":"https:\/\/feriadeteatro.com\/feria2023\/wp-json\/wp\/v2\/comments?post=8709"}],"version-history":[{"count":2,"href":"https:\/\/feriadeteatro.com\/feria2023\/wp-json\/wp\/v2\/posts\/8709\/revisions"}],"predecessor-version":[{"id":8712,"href":"https:\/\/feriadeteatro.com\/feria2023\/wp-json\/wp\/v2\/posts\/8709\/revisions\/8712"}],"wp:featuredmedia":[{"embeddable":true,"href":"https:\/\/feriadeteatro.com\/feria2023\/wp-json\/wp\/v2\/media\/8710"}],"wp:attachment":[{"href":"https:\/\/feriadeteatro.com\/feria2023\/wp-json\/wp\/v2\/media?parent=8709"}],"wp:term":[{"taxonomy":"category","embeddable":true,"href":"https:\/\/feriadeteatro.com\/feria2023\/wp-json\/wp\/v2\/categories?post=8709"},{"taxonomy":"post_tag","embeddable":true,"href":"https:\/\/feriadeteatro.com\/feria2023\/wp-json\/wp\/v2\/tags?post=8709"}],"curies":[{"name":"wp","href":"https:\/\/api.w.org\/{rel}","templated":true}]}}