{"id":8750,"date":"2023-01-09T10:11:09","date_gmt":"2023-01-09T10:11:09","guid":{"rendered":"https:\/\/feriadeteatro.com\/feria2023\/?p=8750"},"modified":"2023-01-09T10:11:57","modified_gmt":"2023-01-09T10:11:57","slug":"la-feria-cambia-de-logotipo-despues-de-25-anos","status":"publish","type":"post","link":"https:\/\/feriadeteatro.com\/feria2023\/2023\/01\/09\/la-feria-cambia-de-logotipo-despues-de-25-anos\/","title":{"rendered":"LA FERIA CAMBIA DE LOGOTIPO DESPU\u00c9S DE 25 A\u00d1OS"},"content":{"rendered":"<p>Despu\u00e9s de 25 ediciones hemos visto que es el momento adecuado para renovar el logotipo de la Feria de Teatro de Castilla y Le\u00f3n\/Ciudad Rodrigo, buscando una nueva l\u00ednea gr\u00e1fica que actualice nuestra imagen corporativa. De este modo, comenzamos el a\u00f1o 2023 mirando ya a la la 26\u00aa edici\u00f3n con un nuevo logotipo que sigue reuniendo las se\u00f1as de identidad de este proyecto, que vincula territorio, cultura, patrimonio, arte y espect\u00e1culo, con una evoluci\u00f3n en la construcci\u00f3n del icono, tipograf\u00eda y color de la imagen buscando un isotipo sobrio y elegante, a la par que din\u00e1mico.<\/p>\n<div class=\"video-shortcode\"><iframe title=\"PRESENTACI\u00d3N NUEVO LOGO FERIA DE TEATRO DE CASTILLA Y LE\u00d3N - CIUDAD RODRIGO\" width=\"1170\" height=\"878\" data-src=\"https:\/\/www.youtube.com\/embed\/aRnsnOtUUgo?feature=oembed\" frameborder=\"0\" allow=\"accelerometer; autoplay; clipboard-write; encrypted-media; gyroscope; picture-in-picture; web-share\" allowfullscreen src=\"data:image\/svg+xml;base64,PHN2ZyB3aWR0aD0iMSIgaGVpZ2h0PSIxIiB4bWxucz0iaHR0cDovL3d3dy53My5vcmcvMjAwMC9zdmciPjwvc3ZnPg==\" class=\"lazyload\" data-load-mode=\"1\"><\/iframe><\/div>\n<p>Los creativos que han dise\u00f1ado el nuevo logotipo se han inspirado en el concepto de ojo, creando un ojo a partir de las iniciales de Ciudad Rodrigo, que se conforma a su vez con una C y una R (min\u00fascula) de Ciudad Rodrigo, siendo el concepto de ojo un elemento esencial en las artes esc\u00e9nicas. El ojo como paradigma de apertura y de visi\u00f3n.  La mirada del creador, la del p\u00fablico y la de los profesionales que asisten cada a\u00f1o a la Feria de Teatro es uno de los fundamentos para conocer y disfrutar del teatro. Adem\u00e1s, el \u201cojo\u201d es un elemento com\u00fan y muy presente en  el patrimonio de Ciudad Rodrigo, por lo que supone un ligero gui\u00f1o a los arcos tan presentes en la arquitectura local (en las puertas de acceso al interior de la muralla, en la catedral, ayuntamiento y otros edificios, por lo que de forma sutil queremos vincular la marca a la localidad; y que nos remite especialmente a los ojos de los arcos g\u00f3ticos como los presentes en la Catedral, en cuyo claustro se present\u00f3 el proyecto de la Feria de Teatro en junio de 1997.<br \/>\nEs una imagen que aporta modernidad y diferenciaci\u00f3n respecto a otros proyectos similares.<\/p>\n","protected":false},"excerpt":{"rendered":"<p>Despu\u00e9s de 25 ediciones hemos visto que es el momento adecuado para renovar el logotipo de la Feria [&hellip;]<\/p>\n","protected":false},"author":2,"featured_media":8751,"comment_status":"open","ping_status":"open","sticky":false,"template":"","format":"standard","meta":{"footnotes":""},"categories":[7,8,1],"tags":[63,12,61,57,58,77],"class_list":["post-8750","post","type-post","status-publish","format-standard","has-post-thumbnail","hentry","category-notas-de-prensa","category-noticias","category-sin-categoria","tag-25anos","tag-artesescenicas","tag-ciudadrodrigo","tag-cultura","tag-feriadeteatro","tag-logotipo"],"_links":{"self":[{"href":"https:\/\/feriadeteatro.com\/feria2023\/wp-json\/wp\/v2\/posts\/8750","targetHints":{"allow":["GET"]}}],"collection":[{"href":"https:\/\/feriadeteatro.com\/feria2023\/wp-json\/wp\/v2\/posts"}],"about":[{"href":"https:\/\/feriadeteatro.com\/feria2023\/wp-json\/wp\/v2\/types\/post"}],"author":[{"embeddable":true,"href":"https:\/\/feriadeteatro.com\/feria2023\/wp-json\/wp\/v2\/users\/2"}],"replies":[{"embeddable":true,"href":"https:\/\/feriadeteatro.com\/feria2023\/wp-json\/wp\/v2\/comments?post=8750"}],"version-history":[{"count":1,"href":"https:\/\/feriadeteatro.com\/feria2023\/wp-json\/wp\/v2\/posts\/8750\/revisions"}],"predecessor-version":[{"id":8752,"href":"https:\/\/feriadeteatro.com\/feria2023\/wp-json\/wp\/v2\/posts\/8750\/revisions\/8752"}],"wp:featuredmedia":[{"embeddable":true,"href":"https:\/\/feriadeteatro.com\/feria2023\/wp-json\/wp\/v2\/media\/8751"}],"wp:attachment":[{"href":"https:\/\/feriadeteatro.com\/feria2023\/wp-json\/wp\/v2\/media?parent=8750"}],"wp:term":[{"taxonomy":"category","embeddable":true,"href":"https:\/\/feriadeteatro.com\/feria2023\/wp-json\/wp\/v2\/categories?post=8750"},{"taxonomy":"post_tag","embeddable":true,"href":"https:\/\/feriadeteatro.com\/feria2023\/wp-json\/wp\/v2\/tags?post=8750"}],"curies":[{"name":"wp","href":"https:\/\/api.w.org\/{rel}","templated":true}]}}