{"id":8788,"date":"2023-05-03T07:47:54","date_gmt":"2023-05-03T07:47:54","guid":{"rendered":"https:\/\/feriadeteatro.com\/feria2023\/?p=8788"},"modified":"2023-05-03T07:47:54","modified_gmt":"2023-05-03T07:47:54","slug":"mas-de-mil-propuestas-para-seleccionar-la-programacion-de-la-26a-edicion","status":"publish","type":"post","link":"https:\/\/feriadeteatro.com\/feria2023\/2023\/05\/03\/mas-de-mil-propuestas-para-seleccionar-la-programacion-de-la-26a-edicion\/","title":{"rendered":"M\u00c1S DE MIL PROPUESTAS PARA SELECCIONAR LA PROGRAMACI\u00d3N DE LA 26\u00aa EDICI\u00d3N"},"content":{"rendered":"<p>Nos encontramos en pleno proceso de selecci\u00f3n de las compa\u00f1\u00edas que integrar\u00e1n la 26\u00aa edici\u00f3n de la Feria de Teatro, para la que se elegir\u00e1n en torno a cuarenta espect\u00e1culos que mostrar\u00e1n una panor\u00e1mica de la creaci\u00f3n esc\u00e9nica actual en Espa\u00f1a y Portugal. Se han presentado 1086 propuestas, lo que supone un incremento del 7% con respecto a 2022), procedentes de 952 compa\u00f1\u00edas diferentes, todas las comunidades aut\u00f3nomas de nuestro pa\u00eds y una veintena de pa\u00edses distintos.<br \/>\nLa procedencia mayoritaria de las compa\u00f1\u00edas es de las comunidades de Madrid, Catalu\u00f1a, Andaluc\u00eda y Castilla y Le\u00f3n, Comunidad Valenciana, Pa\u00eds Vasco y Portugal, de las cuales el 40% de las propuestas  son de teatro para adultos, un 35% para todos los p\u00fablicos y el 24% de las inscripciones est\u00e1n destinadas a p\u00fablico infantil y familiar.<br \/>\nSe han presentado 165 propuestas de estreno, entre estrenos absolutos y estrenos en castellano.<br \/>\nPor g\u00e9neros esc\u00e9nicos destacan las propuestas de teatro, seguida por los espect\u00e1culos multidisciplinares, la danza, los t\u00edteres y el circo; siendo el 65% de los trabajos  de artes esc\u00e9nicas para sala, un 15% se pueden presentar en sala o calle indistintamente y un 20% son espect\u00e1culos de artes de calle.<\/p>\n","protected":false},"excerpt":{"rendered":"<p>Nos encontramos en pleno proceso de selecci\u00f3n de las compa\u00f1\u00edas que integrar\u00e1n la 26\u00aa edici\u00f3n de la Feria [&hellip;]<\/p>\n","protected":false},"author":2,"featured_media":8789,"comment_status":"open","ping_status":"open","sticky":false,"template":"","format":"standard","meta":{"footnotes":""},"categories":[7,8],"tags":[],"class_list":["post-8788","post","type-post","status-publish","format-standard","has-post-thumbnail","hentry","category-notas-de-prensa","category-noticias"],"_links":{"self":[{"href":"https:\/\/feriadeteatro.com\/feria2023\/wp-json\/wp\/v2\/posts\/8788","targetHints":{"allow":["GET"]}}],"collection":[{"href":"https:\/\/feriadeteatro.com\/feria2023\/wp-json\/wp\/v2\/posts"}],"about":[{"href":"https:\/\/feriadeteatro.com\/feria2023\/wp-json\/wp\/v2\/types\/post"}],"author":[{"embeddable":true,"href":"https:\/\/feriadeteatro.com\/feria2023\/wp-json\/wp\/v2\/users\/2"}],"replies":[{"embeddable":true,"href":"https:\/\/feriadeteatro.com\/feria2023\/wp-json\/wp\/v2\/comments?post=8788"}],"version-history":[{"count":1,"href":"https:\/\/feriadeteatro.com\/feria2023\/wp-json\/wp\/v2\/posts\/8788\/revisions"}],"predecessor-version":[{"id":8790,"href":"https:\/\/feriadeteatro.com\/feria2023\/wp-json\/wp\/v2\/posts\/8788\/revisions\/8790"}],"wp:featuredmedia":[{"embeddable":true,"href":"https:\/\/feriadeteatro.com\/feria2023\/wp-json\/wp\/v2\/media\/8789"}],"wp:attachment":[{"href":"https:\/\/feriadeteatro.com\/feria2023\/wp-json\/wp\/v2\/media?parent=8788"}],"wp:term":[{"taxonomy":"category","embeddable":true,"href":"https:\/\/feriadeteatro.com\/feria2023\/wp-json\/wp\/v2\/categories?post=8788"},{"taxonomy":"post_tag","embeddable":true,"href":"https:\/\/feriadeteatro.com\/feria2023\/wp-json\/wp\/v2\/tags?post=8788"}],"curies":[{"name":"wp","href":"https:\/\/api.w.org\/{rel}","templated":true}]}}