{"id":8791,"date":"2023-05-03T07:53:35","date_gmt":"2023-05-03T07:53:35","guid":{"rendered":"https:\/\/feriadeteatro.com\/feria2023\/?p=8791"},"modified":"2023-05-03T07:53:35","modified_gmt":"2023-05-03T07:53:35","slug":"la-feria-de-teatro-cumple-su-funcion-comercial-en-la-25o-edicion","status":"publish","type":"post","link":"https:\/\/feriadeteatro.com\/feria2023\/2023\/05\/03\/la-feria-de-teatro-cumple-su-funcion-comercial-en-la-25o-edicion\/","title":{"rendered":"LA FERIA DE TEATRO CUMPLE SU FUNCI\u00d3N COMERCIAL EN LA 25\u00ba EDICI\u00d3N"},"content":{"rendered":"<p>El estudio realizado en el mes de enero con las compa\u00f1\u00edas programadas y los profesionales inscritos en  la 25\u00aa edici\u00f3n celebrada en agosto de 2022,  revela que el 80%  de las compa\u00f1\u00edas  programadas ya han cerrado contrataciones en tan solo los cinco meses posteriores a su participaci\u00f3n en la Feria y con motivo de su presencia en la misma. Son datos significativos y similares a la media de los \u00faltimos cinco a\u00f1os.  La media de contrataciones es de ocho funciones por compa\u00f1\u00eda, con un impacto directo  estimado de 937.000 \u20ac en cach\u00e9s.<br \/>\nEl 100% de las compa\u00f1\u00edas programadas manifiesta que repetir\u00eda su participaci\u00f3n en la Feria de Teatro de Castilla y Le\u00f3n; y los profesionales que m\u00e1s espect\u00e1culos han contratado de compa\u00f1\u00edas programadas en la Feria proceden de Castilla y Le\u00f3n, Pa\u00eds Vasco, Extremadura, Castilla-La Mancha, Galicia, Madrid y Portugal.<br \/>\nEl perfil profesional asistente a la feria son entidades profesionales muy fidelizadas. En 2022, el 12% de los acreditados asist\u00edan por primera vez, el 28% lo ha hecho alguna vez en los cuatro \u00faltimos a\u00f1os y el 60% asiste casi todos los a\u00f1os.  El 52% de los profesionales asisten todos los d\u00edas de la Feria de Teatro, el 20% cuatro d\u00edas y el 22% tres d\u00edas. Solo un 6% asiste uno o dos d\u00edas.<br \/>\nEl grado de satisfacci\u00f3n con la organizaci\u00f3n de la 25\u00ba Feria es muy alto. En una escala de 1 a 10,  los profesionales asistentes lo califican con una puntuaci\u00f3n media de 9,3.<br \/>\nIgualmente, el 78% de los responsables de programaciones asistentes a la 25\u00aa manifestaban en el mes de diciembre de 2022 que ya hab\u00edan contratado o lo har\u00edan de forma inmediata espect\u00e1culos que han conocido en la Feria de Teatro.<br \/>\nComo asignaturas pendientes, en la organizaci\u00f3n de la Feria de Teatro, somos conscientes de que tenemos que mejorar muchos aspectos, como por ejemplo la comodidad de algunos espacios. Estamos trabajando en ello<\/p>\n","protected":false},"excerpt":{"rendered":"<p>El estudio realizado en el mes de enero con las compa\u00f1\u00edas programadas y los profesionales inscritos en la [&hellip;]<\/p>\n","protected":false},"author":2,"featured_media":8792,"comment_status":"open","ping_status":"open","sticky":false,"template":"","format":"standard","meta":{"footnotes":""},"categories":[7,8],"tags":[],"class_list":["post-8791","post","type-post","status-publish","format-standard","has-post-thumbnail","hentry","category-notas-de-prensa","category-noticias"],"_links":{"self":[{"href":"https:\/\/feriadeteatro.com\/feria2023\/wp-json\/wp\/v2\/posts\/8791","targetHints":{"allow":["GET"]}}],"collection":[{"href":"https:\/\/feriadeteatro.com\/feria2023\/wp-json\/wp\/v2\/posts"}],"about":[{"href":"https:\/\/feriadeteatro.com\/feria2023\/wp-json\/wp\/v2\/types\/post"}],"author":[{"embeddable":true,"href":"https:\/\/feriadeteatro.com\/feria2023\/wp-json\/wp\/v2\/users\/2"}],"replies":[{"embeddable":true,"href":"https:\/\/feriadeteatro.com\/feria2023\/wp-json\/wp\/v2\/comments?post=8791"}],"version-history":[{"count":1,"href":"https:\/\/feriadeteatro.com\/feria2023\/wp-json\/wp\/v2\/posts\/8791\/revisions"}],"predecessor-version":[{"id":8793,"href":"https:\/\/feriadeteatro.com\/feria2023\/wp-json\/wp\/v2\/posts\/8791\/revisions\/8793"}],"wp:featuredmedia":[{"embeddable":true,"href":"https:\/\/feriadeteatro.com\/feria2023\/wp-json\/wp\/v2\/media\/8792"}],"wp:attachment":[{"href":"https:\/\/feriadeteatro.com\/feria2023\/wp-json\/wp\/v2\/media?parent=8791"}],"wp:term":[{"taxonomy":"category","embeddable":true,"href":"https:\/\/feriadeteatro.com\/feria2023\/wp-json\/wp\/v2\/categories?post=8791"},{"taxonomy":"post_tag","embeddable":true,"href":"https:\/\/feriadeteatro.com\/feria2023\/wp-json\/wp\/v2\/tags?post=8791"}],"curies":[{"name":"wp","href":"https:\/\/api.w.org\/{rel}","templated":true}]}}