{"id":8794,"date":"2023-05-08T10:53:33","date_gmt":"2023-05-08T10:53:33","guid":{"rendered":"https:\/\/feriadeteatro.com\/feria2023\/?p=8794"},"modified":"2023-06-30T10:25:04","modified_gmt":"2023-06-30T10:25:04","slug":"la-26o-feria-ya-tiene-cartel","status":"publish","type":"post","link":"https:\/\/feriadeteatro.com\/feria2023\/2023\/05\/08\/la-26o-feria-ya-tiene-cartel\/","title":{"rendered":"LA 26\u00ba FERIA YA TIENE CARTEL"},"content":{"rendered":"<div class=\"fusion-fullwidth fullwidth-box fusion-builder-row-1 nonhundred-percent-fullwidth non-hundred-percent-height-scrolling\" style=\"--awb-border-radius-top-left:0px;--awb-border-radius-top-right:0px;--awb-border-radius-bottom-right:0px;--awb-border-radius-bottom-left:0px;--awb-flex-wrap:wrap;\" ><div class=\"fusion-builder-row fusion-row\"><div class=\"fusion-layout-column fusion_builder_column fusion-builder-column-0 fusion_builder_column_1_1 1_1 fusion-one-full fusion-column-first fusion-column-last\" style=\"--awb-bg-size:cover;\"><div class=\"fusion-column-wrapper fusion-flex-column-wrapper-legacy\"><div class=\"fusion-text fusion-text-1\"><p>El cartel tiene por t\u00edtulo \u00abEspectadores, Espectadoras\u00bb y est\u00e1 formado por varios objetos creados a partir del binomio campana-ojo. La sinestesia es la protagonista en este cartel. Las campanas captan la atenci\u00f3n del p\u00fablico mientras sus ojos, que sustituyen al badajo, en lugar de sonar, observan&#8230; Miradas que no se pierden nada de lo que sucede en Ciudad Rodrigo durante 5 d\u00edas. El ojo se introduce en este binomio como gui\u00f1o al nuevo logotipo de la feria. Adem\u00e1s tiene que ver con el ojo, la mirada, tanto del espectador\/a como el del profesional, el p\u00fablico especializado<\/p>\n<p>Con el se pretende dar continuidad a la l\u00ednea creativa que iniciamos el a\u00f1o pasado con motivo de la 25 edici\u00f3n, donde la campana se convierte en un componente inspirador e ic\u00f3nico, pues forma parte del imaginario rural y es un elemento adem\u00e1s presente en todas las localidades de nuestra comunidad, com\u00fan a pueblos y ciudades, adem\u00e1s de tener un significado especial para Ciudad Rodrigo. La campana, como el teatro, es un elemento de comunicaci\u00f3n, sirve para transmitir informaci\u00f3n y sentimientos, congrega a la gente,&#8230; Tambi\u00e9n con esta imagen pretendemos reforzar la idea principal del nuevo logo de la feria, que toma el ojo como elemento central, el ojo que mira y observa, pero tambi\u00e9n es un gui\u00f1o a los ojos de los arcos de diferentes elementos monumentales de Ciudad Rodrigo, que nos hablan de apertura, de patrimonio y de historia.<br \/>\n\u00a1Comenzamos la cuenta atr\u00e1s para la #26FeriadeTeatrodeCastillayLe\u00f3n!<\/p>\n<\/div><div class=\"fusion-image-element fusion-image-align-center in-legacy-container\" style=\"text-align:center;--awb-caption-title-font-family:var(--h2_typography-font-family);--awb-caption-title-font-weight:var(--h2_typography-font-weight);--awb-caption-title-font-style:var(--h2_typography-font-style);--awb-caption-title-size:var(--h2_typography-font-size);--awb-caption-title-transform:var(--h2_typography-text-transform);--awb-caption-title-line-height:var(--h2_typography-line-height);--awb-caption-title-letter-spacing:var(--h2_typography-letter-spacing);\"><div class=\"imageframe-align-center\"><span class=\" fusion-imageframe imageframe-none imageframe-1 hover-type-none\"><a href=\"https:\/\/feriadeteatro.com\/feria2023\/wp-content\/uploads\/2023\/05\/cartel-feria-72-1.jpg\" class=\"fusion-lightbox\" data-rel=\"iLightbox[6fce7bed356a4307ce2]\" data-title=\"cartel-feria-72\" title=\"cartel-feria-72\"><img decoding=\"async\" width=\"632\" height=\"1217\" data-src=\"https:\/\/feriadeteatro.com\/feria2023\/wp-content\/uploads\/2023\/05\/cartel-feria-72-1.jpg\" alt class=\"img-responsive wp-image-8835 lazyload\" data-srcset=\"https:\/\/feriadeteatro.com\/feria2023\/wp-content\/uploads\/2023\/05\/cartel-feria-72-1-200x385.jpg 200w, https:\/\/feriadeteatro.com\/feria2023\/wp-content\/uploads\/2023\/05\/cartel-feria-72-1-400x770.jpg 400w, https:\/\/feriadeteatro.com\/feria2023\/wp-content\/uploads\/2023\/05\/cartel-feria-72-1-600x1155.jpg 600w, https:\/\/feriadeteatro.com\/feria2023\/wp-content\/uploads\/2023\/05\/cartel-feria-72-1.jpg 632w\" data-sizes=\"(max-width: 800px) 100vw, 632px\" src=\"data:image\/svg+xml;base64,PHN2ZyB3aWR0aD0iMSIgaGVpZ2h0PSIxIiB4bWxucz0iaHR0cDovL3d3dy53My5vcmcvMjAwMC9zdmciPjwvc3ZnPg==\" style=\"--smush-placeholder-width: 632px; --smush-placeholder-aspect-ratio: 632\/1217;\" \/><\/a><\/span><\/div><\/div><div class=\"fusion-clearfix\"><\/div><\/div><\/div><\/div><\/div>\n","protected":false},"excerpt":{"rendered":"","protected":false},"author":2,"featured_media":8835,"comment_status":"open","ping_status":"open","sticky":false,"template":"","format":"standard","meta":{"footnotes":""},"categories":[7,8],"tags":[80,12,82,79,83,84,81,85,31],"class_list":["post-8794","post","type-post","status-publish","format-standard","has-post-thumbnail","hentry","category-notas-de-prensa","category-noticias","tag-26feria","tag-artesescenicas","tag-campana","tag-cartel","tag-espectador","tag-espectadora","tag-imagen","tag-publico","tag-teatro"],"_links":{"self":[{"href":"https:\/\/feriadeteatro.com\/feria2023\/wp-json\/wp\/v2\/posts\/8794","targetHints":{"allow":["GET"]}}],"collection":[{"href":"https:\/\/feriadeteatro.com\/feria2023\/wp-json\/wp\/v2\/posts"}],"about":[{"href":"https:\/\/feriadeteatro.com\/feria2023\/wp-json\/wp\/v2\/types\/post"}],"author":[{"embeddable":true,"href":"https:\/\/feriadeteatro.com\/feria2023\/wp-json\/wp\/v2\/users\/2"}],"replies":[{"embeddable":true,"href":"https:\/\/feriadeteatro.com\/feria2023\/wp-json\/wp\/v2\/comments?post=8794"}],"version-history":[{"count":7,"href":"https:\/\/feriadeteatro.com\/feria2023\/wp-json\/wp\/v2\/posts\/8794\/revisions"}],"predecessor-version":[{"id":8985,"href":"https:\/\/feriadeteatro.com\/feria2023\/wp-json\/wp\/v2\/posts\/8794\/revisions\/8985"}],"wp:featuredmedia":[{"embeddable":true,"href":"https:\/\/feriadeteatro.com\/feria2023\/wp-json\/wp\/v2\/media\/8835"}],"wp:attachment":[{"href":"https:\/\/feriadeteatro.com\/feria2023\/wp-json\/wp\/v2\/media?parent=8794"}],"wp:term":[{"taxonomy":"category","embeddable":true,"href":"https:\/\/feriadeteatro.com\/feria2023\/wp-json\/wp\/v2\/categories?post=8794"},{"taxonomy":"post_tag","embeddable":true,"href":"https:\/\/feriadeteatro.com\/feria2023\/wp-json\/wp\/v2\/tags?post=8794"}],"curies":[{"name":"wp","href":"https:\/\/api.w.org\/{rel}","templated":true}]}}