{"id":9145,"date":"2023-07-06T12:00:31","date_gmt":"2023-07-06T12:00:31","guid":{"rendered":"https:\/\/feriadeteatro.com\/feria2023\/?p=9145"},"modified":"2023-07-06T12:03:15","modified_gmt":"2023-07-06T12:03:15","slug":"premio-abrazo-iberico-de-la-feira-iberica-de-fundao","status":"publish","type":"post","link":"https:\/\/feriadeteatro.com\/feria2023\/2023\/07\/06\/premio-abrazo-iberico-de-la-feira-iberica-de-fundao\/","title":{"rendered":"PREMIO \u201cABRAZO IB\u00c9RICO\u201d DE LA FEIRA IB\u00c9RICA DE FUND\u00c2O"},"content":{"rendered":"<p>La Feria de Teatro de Castilla y Le\u00f3n\/Ciudad Rodrigo ha recibido un nuevo reconocimiento en la persona de su director Manuel J. Gonz\u00e1lez, quien ha recogido en la Feria de Teatro Ib\u00e9rico de Fund\u00e2o un premio denominado \u201cAbrazo Ib\u00e9rico\u201d  en calidad de director de la Feria de Teatro de Castilla y Le\u00f3n\/Ciudad Rodrigo y Presidente de COFAE, como reconocimiento a su apoyo, asesoramiento, aliento  y colaboraci\u00f3n para la creaci\u00f3n de la Feria de Teatro de Fund\u00e2o, el \u00fanico mercado de artes esc\u00e9nicas de Portugal que celebr\u00f3 su cuarta edici\u00f3n recientemente. <\/p>\n<p>Desde la Feria de Teatro de Castilla y Le\u00f3n se mantienen acuerdos de colaboraci\u00f3n e intercambio con este espacio de encuentro de los profesionales portugueses, gracias a los cuales compa\u00f1\u00edas de Castilla y Le\u00f3n est\u00e1n siendo seleccionadas para la programaci\u00f3n de la Feria de Fund\u00e2o y en la 26\u00aa edici\u00f3n de la Feria se acoger\u00e1 como programaci\u00f3n complementaria el espect\u00e1culo galardonado como Premio del P\u00fablico y Mejor Espect\u00e1culo de Fund\u00e2o en 2022.<br \/>\nEste galard\u00f3n es un premio especial de la Feria de Fund\u00e2o,  que por primera vez se entreg\u00f3 el pasado 28 de junio durante el acto de inauguraci\u00f3n de la Feria; recibiendo el galard\u00f3n de manos de Am\u00e9rico Rodr\u00edgues, Director General de las Artes del Ministerio de Cultura de Portugal. En el mismo acto, se hizo un reconocimiento similar a Antonia Alvarez del CEMART de Extremadura, a Emilio del Valle, director de MadFeria y a Nacho Vilar de ADGAE<\/p>\n","protected":false},"excerpt":{"rendered":"<p>La Feria de Teatro de Castilla y Le\u00f3n\/Ciudad Rodrigo ha recibido un nuevo reconocimiento en la persona de [&hellip;]<\/p>\n","protected":false},"author":2,"featured_media":9147,"comment_status":"open","ping_status":"open","sticky":false,"template":"","format":"standard","meta":{"footnotes":""},"categories":[7,8,1],"tags":[],"class_list":["post-9145","post","type-post","status-publish","format-standard","has-post-thumbnail","hentry","category-notas-de-prensa","category-noticias","category-sin-categoria"],"_links":{"self":[{"href":"https:\/\/feriadeteatro.com\/feria2023\/wp-json\/wp\/v2\/posts\/9145","targetHints":{"allow":["GET"]}}],"collection":[{"href":"https:\/\/feriadeteatro.com\/feria2023\/wp-json\/wp\/v2\/posts"}],"about":[{"href":"https:\/\/feriadeteatro.com\/feria2023\/wp-json\/wp\/v2\/types\/post"}],"author":[{"embeddable":true,"href":"https:\/\/feriadeteatro.com\/feria2023\/wp-json\/wp\/v2\/users\/2"}],"replies":[{"embeddable":true,"href":"https:\/\/feriadeteatro.com\/feria2023\/wp-json\/wp\/v2\/comments?post=9145"}],"version-history":[{"count":1,"href":"https:\/\/feriadeteatro.com\/feria2023\/wp-json\/wp\/v2\/posts\/9145\/revisions"}],"predecessor-version":[{"id":9149,"href":"https:\/\/feriadeteatro.com\/feria2023\/wp-json\/wp\/v2\/posts\/9145\/revisions\/9149"}],"wp:featuredmedia":[{"embeddable":true,"href":"https:\/\/feriadeteatro.com\/feria2023\/wp-json\/wp\/v2\/media\/9147"}],"wp:attachment":[{"href":"https:\/\/feriadeteatro.com\/feria2023\/wp-json\/wp\/v2\/media?parent=9145"}],"wp:term":[{"taxonomy":"category","embeddable":true,"href":"https:\/\/feriadeteatro.com\/feria2023\/wp-json\/wp\/v2\/categories?post=9145"},{"taxonomy":"post_tag","embeddable":true,"href":"https:\/\/feriadeteatro.com\/feria2023\/wp-json\/wp\/v2\/tags?post=9145"}],"curies":[{"name":"wp","href":"https:\/\/api.w.org\/{rel}","templated":true}]}}