{"id":9213,"date":"2023-07-21T10:36:41","date_gmt":"2023-07-21T10:36:41","guid":{"rendered":"https:\/\/feriadeteatro.com\/feria2023\/?p=9213"},"modified":"2023-07-21T10:36:41","modified_gmt":"2023-07-21T10:36:41","slug":"la-feria-de-teatro-de-castilla-y-leon-renueva-su-compromiso-con-la-produccion-regional-y-conjuga-veterania-y-juventud-con-nueve-estrenos-de-companias-de-la-comunidad","status":"publish","type":"post","link":"https:\/\/feriadeteatro.com\/feria2023\/2023\/07\/21\/la-feria-de-teatro-de-castilla-y-leon-renueva-su-compromiso-con-la-produccion-regional-y-conjuga-veterania-y-juventud-con-nueve-estrenos-de-companias-de-la-comunidad\/","title":{"rendered":"La Feria de Teatro de Castilla y Le\u00f3n renueva su compromiso con la producci\u00f3n regional y conjuga veteran\u00eda y juventud con nueve estrenos de compa\u00f1\u00edas de la Comunidad"},"content":{"rendered":"<p>La Feria de Teatro de Castilla y Le\u00f3n renueva su compromiso con la producci\u00f3n regional y conjuga veteran\u00eda y juventud con nueve estrenos de compa\u00f1\u00edas de la Comunidad<br \/>\nLa cita esc\u00e9nica, que se celebrar\u00e1 entre el 22 y el 26 de agosto, contar\u00e1 con quince compa\u00f1\u00edas castellanas y leonesas, m\u00e1s de un tercio del total, de las que siete desembarcar\u00e1n por primera vez en Ciudad Rodrigo.<br \/>\nLa Feria de Teatro de Castilla y Le\u00f3n, que se celebrar\u00e1 entre el 22 y el 26 de agosto en Ciudad Rodrigo, renueva su compromiso con la producci\u00f3n regional con nueve estrenos de compa\u00f1\u00edas castellanas y leonesas que a\u00fanan veteran\u00eda y juventud para exhibir la variedad y la riqueza del sector de las artes dram\u00e1ticas de la Comunidad a trav\u00e9s de distintos lenguajes esc\u00e9nicos. En total, ser\u00e1n quince, m\u00e1s de un tercio del total (cuarenta y cinco), las compa\u00f1\u00edas de la zona presentes en la cita, que alcanza su vig\u00e9simo sexto aniversario con una programaci\u00f3n que integra disciplinas como el teatro cl\u00e1sico y el contempor\u00e1neo, la danza, los t\u00edteres, el circo y el \u2018video mapping\u2019 \u2014proyecci\u00f3n de im\u00e1genes animadas sobre fachadas de edificios\u2014, entre otras. De esas quince, siete desembarcar\u00e1n por primera vez en la localidad mirobrigense.<br \/>\nLa presencia de espect\u00e1culos a cargo de creadores regionales es notoria en todas las franjas de programaci\u00f3n y abarca todo tipo de p\u00fablicos y tipolog\u00edas, con especial relevancia en las piezas de danza, interpretadas, casi en su totalidad, por compa\u00f1\u00edas de la Comunidad. La mayor parte de las propuestas, adem\u00e1s, contribuyen a la promoci\u00f3n del teatro en espa\u00f1ol, con montajes de marcado corte contempor\u00e1neo.<br \/>\nLos veteranos Corsario ser\u00e1n los encargados de inaugurar la muestra con el estreno absoluto de \u2018Regreso a Celama\u2019, una pieza dirigida por Jes\u00fas Pe\u00f1a y construida a partir de las novelas de Luis Mateo D\u00edez \u2014Premio Castilla y Le\u00f3n de las Letras 2000 y Nacional de las Letras Espa\u00f1olas 2020\u2014 que, en el territorio del realismo m\u00e1gico, plantea una alegor\u00eda sobre la desaparici\u00f3n de las culturas campesinas situada en la comarca imaginario de Celama.<br \/>\nEn calidad de estreno absoluto, llega tambi\u00e9n a Ciudad Rodrigo \u2018La mujer helada\u2019, de la compa\u00f1\u00eda vallisoletana Rayuela. Inspirada en la novela hom\u00f3nima de Annie Ernaux, Premio Nobel de Literatura 2022, este montaje explora, a trav\u00e9s de una conjunci\u00f3n de teatro y danza dirigida por Nina Reglero, la situaci\u00f3n de una mujer cuya vida, en apariencia confortable, se revela ahogada por la cotidianidad. Tambi\u00e9n protagonizada por una mujer de situaci\u00f3n desahogada en un momento de crisis, \u2018Cuerda\u2019, de los vallisoletanos Teatro del Navegante, plantea una pieza donde se dan la mano el teatro y la videoinstalaci\u00f3n, mientras que, con dramaturgia y direcci\u00f3n de Antonio Velasco, \u2018Enigma Shakespeare\u2019, de la compa\u00f1\u00eda salmantina Teatro de Poniente, dibuja una historia dirigida al joven familiar que tiene como punto de partida el asesinato del dramaturgo ingl\u00e9s. Ambas representaciones se ver\u00e1n por primera vez sobre las tablas en Ciudad Rodrigo, como tambi\u00e9n lo har\u00e1 \u2018El \u00e1rbol rojo\u2019, una obra de marionetas de los zamoranos Baychimo Teatro sobre la b\u00fasqueda de la esperanza dirigida a un p\u00fablico infantil.<br \/>\nDanza, teatro, circo, videoarte y m\u00fasica vocal y de \u00f3rgano se dan la mano en \u2018De Neanderthal a Sapiens\u2019, estreno a cargo de David Vento Dance Theater que supone su primera incursi\u00f3n en la Feria y reinterpreta la evoluci\u00f3n humana a trav\u00e9s de las distintas disciplinas mencionadas. Tambi\u00e9n circense es la propuesta del colectivo vallisoletano Ni\u00f1as Malditas, quienes, bajo el t\u00edtulo \u2018Brillante, droga\u2019, llegan por primera vez a la localidad salmantina con una panor\u00e1mica de la adicci\u00f3n a los tel\u00e9fonos m\u00f3viles en la sociedad actual a trav\u00e9s t\u00e9cnicas como el m\u00e1stil chino y el teatro f\u00edsico, a las que acompa\u00f1a la m\u00fasica en directo de un oboe.<br \/>\nCompletan los estrenos de compa\u00f1\u00edas castellanas y leonesas la pieza de teatro itinerante \u2018Viudas alegres\u2019, de las burgalesas Brama Teatro, que debutan en la 26\u00aa Feria con una intervenci\u00f3n que toma la calle como escenario para reflexionar sobre la proximidad y la interacci\u00f3n entre los individuos, y \u2018Los secretos de la piedra\u2019, espect\u00e1culo sensorial de t\u00edteres, sombras, luces y m\u00fasica en directo que reconstruye la vida primitiva en el yacimiento de Siega Verde y que forma parte de las actividades paralelas de esta edici\u00f3n.<br \/>\nAdem\u00e1s, como parte de la escena regional, podr\u00e1n verse en Ciudad Rodrigo las propuestas \u2018Qu\u00e9 mujer prodigio soy\u2019, una coproducci\u00f3n de Territorio Violeta con Calema Producciones y Es.Arte a partir de textos de autoras del Siglo de Oro; \u2018Me lleva la corriente\u2019, de las vallisoletanas Algazara, una pieza de danza cuyo hilo conductor es la cultura tradicional de la Comunidad; \u2018La abeja de m\u00e1s\u2019, espect\u00e1culo dirigido al p\u00fablico infantil de Ana i Roncero Producciones ambientada en una colmena, y \u2018Mulier\u2019, de ArvineDanza, que aborda la realidad de las mujeres maltratadas a trav\u00e9s de distintas danzas espa\u00f1olas. \u2018Hacia la ra\u00edz\u2019, de Imperfekta &#038; Clau_topia, y \u2018Oficina de donaciones de historias de amor\u2019, una acci\u00f3n participativa dirigida por Clara Garc\u00eda Fraile que se integra en las actividades paralelas de la Feria, cierran la participaci\u00f3n castellana y leonesa de este a\u00f1o.<br \/>\nEl cartel de la 26\u00aa Feria incluye tambi\u00e9n montajes de formaciones de Extremadura, Galicia, Asturias, Andaluci\u0301a, Madrid, Comunidad Valenciana, Pai\u0301s Vasco, Arago\u0301n, Baleares, Catalun\u0303a y Cantabria, as\u00ed como cinco procedentes de Portugal.<\/p>\n<p>Promoci\u00f3n y difusi\u00f3n<br \/>\nAdem\u00e1s de como escaparate de la producci\u00f3n regional, la Feria de Teatro de Castilla y Le\u00f3n pone a disposici\u00f3n de los gestores culturales y otros profesionales del sector profesional de las artes esc\u00e9nicas un cat\u00e1logo virtual alojado en su web (https:\/\/www.feriadeteatro.com\/catalogociascyl\/) que recopila informaci\u00f3n de todas las compa\u00f1\u00edas que desean integrarse y cumplen con unos principios m\u00ednimos de profesionalidad y actividad. Esta iniciativa, que surge desde la propia Feria, tiene como objetivo recopilar y clasificar toda la oferta creativa que existe en las nueve provincias de Castilla y Le\u00f3n para incrementar las posibilidades de visibilidad y promoci\u00f3n para las compa\u00f1\u00edas de la Comunidad. Este directorio es permanente y se revisa, cada a\u00f1o, en enero y julio, cuando se abre una ventana para incorporar nuevas compa\u00f1\u00edas, renovar informaci\u00f3n de las ya presentes y retirar aquellas que no cumplan sus fines profesionales.<br \/>\nEste af\u00e1n se inscribe en la voluntad del certamen de convertirse en un espacio de referencia para la consolidaci\u00f3n y estabilizaci\u00f3n de la actividad laboral esc\u00e9nica. La Feria de Teatro es uno de los puntos de encuentro ma\u0301s apreciados y consolidados del panorama esce\u0301nico nacional, como muestran los datos de las compan\u0303i\u0301as y los profesionales que cada an\u0303o se inscriben. Segu\u0301n los estudios de la Coordinadora de Ferias de Artes Esce\u0301nicas del Estado (COFAE), la Feria de Teatro supone la cita que ma\u0301s fidelizacio\u0301n logra con el perfil profesional internacional y nacional. Otros datos indican que el 80% de las compan\u0303i\u0301as cerraron contrataciones en los cuatro meses posteriores a su participacio\u0301n en la Feria.<\/p>\n<p>M\u00e1s informaci\u00f3n en:<br \/>\nwww.feriadeteatro.com <\/p>\n","protected":false},"excerpt":{"rendered":"<p>La Feria de Teatro de Castilla y Le\u00f3n renueva su compromiso con la producci\u00f3n regional y conjuga veteran\u00eda [&hellip;]<\/p>\n","protected":false},"author":2,"featured_media":9211,"comment_status":"open","ping_status":"open","sticky":false,"template":"","format":"standard","meta":{"footnotes":""},"categories":[7,8],"tags":[80,12,87,88,69],"class_list":["post-9213","post","type-post","status-publish","format-standard","has-post-thumbnail","hentry","category-notas-de-prensa","category-noticias","tag-26feria","tag-artesescenicas","tag-ciascyl","tag-estrenos","tag-juntadecastillayleon"],"_links":{"self":[{"href":"https:\/\/feriadeteatro.com\/feria2023\/wp-json\/wp\/v2\/posts\/9213","targetHints":{"allow":["GET"]}}],"collection":[{"href":"https:\/\/feriadeteatro.com\/feria2023\/wp-json\/wp\/v2\/posts"}],"about":[{"href":"https:\/\/feriadeteatro.com\/feria2023\/wp-json\/wp\/v2\/types\/post"}],"author":[{"embeddable":true,"href":"https:\/\/feriadeteatro.com\/feria2023\/wp-json\/wp\/v2\/users\/2"}],"replies":[{"embeddable":true,"href":"https:\/\/feriadeteatro.com\/feria2023\/wp-json\/wp\/v2\/comments?post=9213"}],"version-history":[{"count":1,"href":"https:\/\/feriadeteatro.com\/feria2023\/wp-json\/wp\/v2\/posts\/9213\/revisions"}],"predecessor-version":[{"id":9214,"href":"https:\/\/feriadeteatro.com\/feria2023\/wp-json\/wp\/v2\/posts\/9213\/revisions\/9214"}],"wp:featuredmedia":[{"embeddable":true,"href":"https:\/\/feriadeteatro.com\/feria2023\/wp-json\/wp\/v2\/media\/9211"}],"wp:attachment":[{"href":"https:\/\/feriadeteatro.com\/feria2023\/wp-json\/wp\/v2\/media?parent=9213"}],"wp:term":[{"taxonomy":"category","embeddable":true,"href":"https:\/\/feriadeteatro.com\/feria2023\/wp-json\/wp\/v2\/categories?post=9213"},{"taxonomy":"post_tag","embeddable":true,"href":"https:\/\/feriadeteatro.com\/feria2023\/wp-json\/wp\/v2\/tags?post=9213"}],"curies":[{"name":"wp","href":"https:\/\/api.w.org\/{rel}","templated":true}]}}