{"id":9289,"date":"2023-08-02T10:18:19","date_gmt":"2023-08-02T10:18:19","guid":{"rendered":"https:\/\/feriadeteatro.com\/feria2023\/?p=9289"},"modified":"2023-08-02T10:34:42","modified_gmt":"2023-08-02T10:34:42","slug":"la-26a-feria-de-teatro-de-castilla-y-leon-impulsara-el-yacimiento-de-siega-verde-con-un-espectaculo-sensorial-que-reconstruye-la-vida-en-el-paleolitico-a-traves-del-arte-rupestre","status":"publish","type":"post","link":"https:\/\/feriadeteatro.com\/feria2023\/2023\/08\/02\/la-26a-feria-de-teatro-de-castilla-y-leon-impulsara-el-yacimiento-de-siega-verde-con-un-espectaculo-sensorial-que-reconstruye-la-vida-en-el-paleolitico-a-traves-del-arte-rupestre\/","title":{"rendered":"La 26\u00aa Feria de Teatro de Castilla y Le\u00f3n impulsar\u00e1 el yacimiento de Siega Verde con un espect\u00e1culo sensorial que reconstruye la vida en el Paleol\u00edtico a trav\u00e9s del arte rupestre"},"content":{"rendered":"<p>La 26\u00aa Feria de Teatro de Castilla y Le\u00f3n impulsar\u00e1 el yacimiento de Siega Verde con un espect\u00e1culo sensorial que reconstruye la vida en el Paleol\u00edtico a trav\u00e9s del arte rupestre<br \/>\nEl certamen se al\u00eda con la Fundaci\u00f3n Siega Verde y contar\u00e1 con un espacio hom\u00f3nimo situado en la biblioteca de la Escuela-Hogar de Los Sitios, donde se representar\u00e1 la obra \u2018Los secretos de la piedra\u2019, de la compa\u00f1\u00eda mirobrigense Al\u00faa Teatro.<br \/>\nLa 26\u00aa Feria de Teatro de Castilla y Le\u00f3n impulsar\u00e1 y promocionar\u00e1 el yacimiento rupestre de Siega Verde con un espect\u00e1culo sensorial que toma como punto de partida las manifestaciones art\u00edsticas conservadas en el enclave, ubicado a orillas del r\u00edo \u00c1gueda, entre los municipios de Villar de la Yega  (el pueblo de Serranillo) y Villar de Arga\u00f1\u00e1n (el pueblo de Martill\u00e1n) , en la comarca del Campo de Arga\u00f1\u00e1n, junto a la frontera con Portugal, para narrar el modo de vida en el Paleol\u00edtico salmantino a trav\u00e9s de una po\u00e9tica que integra t\u00edteres, sombras, luces y m\u00fasica en directo a cargo de la compa\u00f1\u00eda mirobrigense Al\u00faa Teatro. Esta obra, dirigida a un p\u00fablico familiar y que lleva por t\u00edtulo \u2018Los secretos de la piedra\u2019, se representar\u00e1 en el Espacio Siega Verde, un nuevo escenario situado en la biblioteca de la Escuela-Hogar de Los Sitios y que servir\u00e1 para divulgar y visibilizar el yacimiento desde las artes esc\u00e9nicas.<br \/>\n\u2018Los secretos de la piedra\u2019 propone un viaje inmersivo donde confluyen el af\u00e1n educativo con distintos lenguajes esc\u00e9nicos en una pieza de cuarenta minutos de duraci\u00f3n escrita, dirigida y protagonizada por Daniel G\u00f3mez y Adelia Vicente, de la compa\u00f1\u00eda radicada en Ciudad Rodrigo Al\u00faa Teatro, a quienes acompa\u00f1a la m\u00fasica en directo de Natalia Palencia y una escenograf\u00eda que firman Diego Polo, Adelia Vicente y Oliver Tabarez. Al\u00faa Teatro es una joven agrupaci\u00f3n especializada en teatro gestual y que, fundada en Salamanca, busca experimentar con diferentes po\u00e9ticas que vayan m\u00e1s all\u00e1 de la palabra, como el mimo, la m\u00e1scara, el \u2018clown\u2019, el teatro de objetos y los t\u00edteres.<br \/>\nLa Estaci\u00f3n Rupestre de Siega Verde es un valle con grabados del Paleol\u00edtico Superior reconocido como uno de los m\u00e1s importantes del mundo. Ubicado a quince kil\u00f3metros de Ciudad Rodrigo, fue declarado Patrimonio Mundial de la Humanidad en agosto de 2010 como extensi\u00f3n de los Grabados del C\u00f4a, un enclave portugu\u00e9s situado al otro lado de la frontera, a orillas del r\u00edo C\u00f4a, un acu\u00edfero que discurre paralelo al \u00c1gueda y que tambi\u00e9n es afluente del Duero.<br \/>\nEste espect\u00e1culo se estrenar\u00e1 el d\u00eda 22 a las 19:30 en la Feria de Teatro de Castilla y Le\u00f3n con doce funciones en diferentes horarios: el 22 agosto, a las 19.30 y 21.00 horas; el 23 agosto, a las 12.30, 18.00 y 19.30 horas; el 24 agosto, a las 12.30, 18.00 y 19.30 horas; el 25 agosto, a las 18.00 y 19.30 horas, y el 26 agosto, tambi\u00e9n a las 18.00 y 19.30 horas. <\/p>\n<p>M\u00e1s informaci\u00f3n en:<br \/>\nwww.feriadeteatro.com <\/p>\n","protected":false},"excerpt":{"rendered":"<p>La 26\u00aa Feria de Teatro de Castilla y Le\u00f3n impulsar\u00e1 el yacimiento de Siega Verde con un espect\u00e1culo [&hellip;]<\/p>\n","protected":false},"author":2,"featured_media":9290,"comment_status":"open","ping_status":"open","sticky":false,"template":"","format":"standard","meta":{"footnotes":""},"categories":[7,8],"tags":[80,12,60,89],"class_list":["post-9289","post","type-post","status-publish","format-standard","has-post-thumbnail","hentry","category-notas-de-prensa","category-noticias","tag-26feria","tag-artesescenicas","tag-patrimonioycultura","tag-siegaverde"],"_links":{"self":[{"href":"https:\/\/feriadeteatro.com\/feria2023\/wp-json\/wp\/v2\/posts\/9289","targetHints":{"allow":["GET"]}}],"collection":[{"href":"https:\/\/feriadeteatro.com\/feria2023\/wp-json\/wp\/v2\/posts"}],"about":[{"href":"https:\/\/feriadeteatro.com\/feria2023\/wp-json\/wp\/v2\/types\/post"}],"author":[{"embeddable":true,"href":"https:\/\/feriadeteatro.com\/feria2023\/wp-json\/wp\/v2\/users\/2"}],"replies":[{"embeddable":true,"href":"https:\/\/feriadeteatro.com\/feria2023\/wp-json\/wp\/v2\/comments?post=9289"}],"version-history":[{"count":4,"href":"https:\/\/feriadeteatro.com\/feria2023\/wp-json\/wp\/v2\/posts\/9289\/revisions"}],"predecessor-version":[{"id":9294,"href":"https:\/\/feriadeteatro.com\/feria2023\/wp-json\/wp\/v2\/posts\/9289\/revisions\/9294"}],"wp:featuredmedia":[{"embeddable":true,"href":"https:\/\/feriadeteatro.com\/feria2023\/wp-json\/wp\/v2\/media\/9290"}],"wp:attachment":[{"href":"https:\/\/feriadeteatro.com\/feria2023\/wp-json\/wp\/v2\/media?parent=9289"}],"wp:term":[{"taxonomy":"category","embeddable":true,"href":"https:\/\/feriadeteatro.com\/feria2023\/wp-json\/wp\/v2\/categories?post=9289"},{"taxonomy":"post_tag","embeddable":true,"href":"https:\/\/feriadeteatro.com\/feria2023\/wp-json\/wp\/v2\/tags?post=9289"}],"curies":[{"name":"wp","href":"https:\/\/api.w.org\/{rel}","templated":true}]}}