{"id":9313,"date":"2023-08-09T10:24:09","date_gmt":"2023-08-09T10:24:09","guid":{"rendered":"https:\/\/feriadeteatro.com\/feria2023\/?p=9313"},"modified":"2023-08-09T10:25:04","modified_gmt":"2023-08-09T10:25:04","slug":"presentada-la-tematica-del-divierteatro-del-papel-a-las-tablas-la-dramaturgia","status":"publish","type":"post","link":"https:\/\/feriadeteatro.com\/feria2023\/2023\/08\/09\/presentada-la-tematica-del-divierteatro-del-papel-a-las-tablas-la-dramaturgia\/","title":{"rendered":"PRESENTADA LA PROGRAMACI\u00d3N Y TEM\u00c1TICA DEL DIVIERTEATRO: DEL PAPEL A LAS TABLAS. LA DRAMATURGIA"},"content":{"rendered":"<p>DIVIERTEATRO: DEL PAPEL A LAS TABLAS<\/p>\n<p>El Programa de Animaci\u00f3n Infantil de la Feria de Teatro de Castilla y Le\u00f3n-Ciudad Rodrigo, responde a la preocupaci\u00f3n de los promotores de la Feria por promover actividades complementarias en el marco de la misma, centradas espec\u00edficamente en el campo de la Animaci\u00f3n y la Educaci\u00f3n en el Tiempo Libre, con la intenci\u00f3n de fomentar el teatro y la participaci\u00f3n en actividades culturales y comunitarias desde las edades m\u00e1s tempranas.  Divierteatro se ha convertido en una de las se\u00f1as de identidad de la Feria de Teatro de Castilla y Le\u00f3n, en la esencia de la Feria de Teatro de Ciudad Rodrigo, y en las puertas de la 26\u00aa edici\u00f3n vemos que la semilla del teatro sembrada en los ni\u00f1os y j\u00f3venes en la semana de la Feria est\u00e1 fructificando.<br \/>\nEn la 26\u00aa edici\u00f3n la tem\u00e1tica del Divierteatro est\u00e1 dedicada a la escritura teatral, a la dramaturgia en espa\u00f1ol de forma particular. De este modo, los ni\u00f1os y ni\u00f1as participantes se introducir\u00e1n en el conocimiento de textos teatrales, de c\u00f3mo se realizan, la claves en la escritura teatral y en el conocimiento de los dramaturgos en espa\u00f1ol m\u00e1s destacados. Por ello, el Divierteatro centrar\u00e1 sus acciones en el fomento del conocimiento teatral desde la escritura y la lectura, bajo el t\u00edtulo \u201cDel papel a las tablas\u201d.<br \/>\nEl Divierteatro se desarrollar\u00e1 los d\u00edas 23, 24, 25 y 26 de agosto de 10:00 a 13:00, en la Plaza del Buen Alcalde, para ni\u00f1as y ni\u00f1os a partir de 6 a\u00f1os, y en la Plaza del Conde para los m\u00e1s peque\u00f1os, de 3 a 6 a\u00f1os, en el espacio denominado Palabreando.<br \/>\nToda la programaci\u00f3n se articula alrededor de distintos centros de inter\u00e9s ligados a actividades participativas como talleres formativos, as\u00ed como talleres pl\u00e1sticos y creativos, los espacios para el juego y la expresi\u00f3n, y los momentos de funci\u00f3n esc\u00e9nica, estableci\u00e9ndose el di\u00e1logo entre el hecho teatral y el p\u00fablico. Los espacios est\u00e1n sectorizados y los ni\u00f1os y ni\u00f1as podr\u00e1n participar en todos ellos por un tiempo aproximado de 75 minutos, para facilitar que un mayor n\u00famero de menores puedan asistir, y por espacio de 60 minutos en el Palabreando.<\/p>\n<p>Actividades en la Plaza del Buen Alcalde<\/p>\n<p>La Plaza del Buen Alcalde estar\u00e1 sectorizada en tres zonas: la primera en el corredor derecho y los arcos del fondo de la plaza dedicada al conocimiento sobre la dramaturgia desde el juego, con juegos de conocimiento, expresi\u00f3n, experimentaci\u00f3n y diversi\u00f3n. La segunda en la parte frontal de la plaza, el Patio de Cerralbo y el patio de la antigua guarder\u00eda, dedicado a actuaciones de peque\u00f1o formato y veinte minutos de duraci\u00f3n de compa\u00f1\u00edas profesionales, y la tercera zona estar\u00e1 bajo los soportales con un conjunto de talleres pl\u00e1sticos y de animaci\u00f3n.<br \/>\n\tEl apartado de Juego estar\u00e1 destinado trabajar diferentes aspectos relacionados con el arte de escribir obras de teatro, para familiarizar a los ni\u00f1os y ni\u00f1as con la escritura teatral, los autores y autoras, t\u00edtulos destacados de obras dram\u00e1ticas, etc. Las actividades previstas para este a\u00f1o se denominan: \u201cLapiZionario teatral\u201d, \u201cEl dramaturgo\/a escondido\/a\u201d, , \u201cQui\u00e9n es qui\u00e9n\u201d, un taller de Lectura Dramatizada  y un \u201cPunto de encuentro con autores\/as\u201d, actividad para la cual hemos encargado la dinamizaci\u00f3n a Rebeca Jerez.<br \/>\n\tLos habituales talleres del Divierteatro en esta edici\u00f3n ser\u00e1n destinados a fomentar la atracci\u00f3n por las artes esc\u00e9nicas desde creaciones pl\u00e1sticas y creativas vinculadas con la creaci\u00f3n dram\u00e1tica con talleres cooperativos y grupales, como el \u201cCollage de dramaturgos\/as\u201d y un \u201cTaller de imprenta\u201d, al que se suma un taller de l\u00e1pices animados, taller de exl\u00edbris, taller de t\u00edteres de dedo, de marionetas, de teatrillos y un cl\u00e1sico que no puede faltar como es el de maquillaje dram\u00e1tico.<br \/>\nEste trabajo se complementar con un conjunto de compa\u00f1\u00edas de artes esc\u00e9nicas que son invitadas a participar en el Divierteatro, como son Denis Rafter, que presentar\u00e1 este a\u00f1o la historia de \u201cAdassa, la joven taquillera\u201d en el Patio de Cerralbo, y las actuaciones de animaci\u00f3n a la lectura desde la magia con el salmantino Mago Oski propone un espect\u00e1culo que bajo el t\u00edtulo de \u00abMagia entre libros\u00bb nos invita a conocer  un libro que se pinta con la ayuda del p\u00fablico, una pizarra m\u00e1gica en la cual se escribe lo que el p\u00fablico piensa y muchas sorpresas m\u00e1s.<br \/>\nComo novedad y apuesta especial de esta edici\u00f3n, se han seleccionado dos montajes de teatro de t\u00edteres, objetos y formas animadas contempor\u00e1neos de artistas portugueses, de modo que participar\u00e1n dos compa\u00f1\u00edas lusas, como son Teatro Invisivel que presenta su montaje de t\u00edteres de papiroflexia en una atractiva carpa, titulado \u201cO Pai que se torno M\u00e2e\u201d (El padre que se convirti\u00f3 en madre), y la Troupe Fandanga\/Circolando con  \u00abAi de Mim, ai do Eu&#8230;\u00bb (Ay de mi), una propuesta contempor\u00e1nea de t\u00edteres con materiales diversos y creaci\u00f3n en directo con arcilla, que realizar\u00e1n funciones de 20 minutos durante todas las ma\u00f1anas del Divierteatro.<br \/>\nEl programa Divierteatro trasciende las acciones de la animaci\u00f3n teatral e impulsa otras din\u00e1micas educativas entre sus participantes. De ese modo, todos los ni\u00f1os y ni\u00f1as participantes recibir\u00e1n un \u201cCuaderno del espectador\/a\u201d en la Plaza del Buen Alcalde en el que podr\u00e1n recoger sus impresiones sobre las obras de teatro que disfruten durante la Feria.<\/p>\n<p>El Palabreando en la Plaza del Conde<\/p>\n<p>\tAl igual que en la Plaza del Divierteatro, se ha dise\u00f1ado un conjunto de actividades divididas en cuatro momentos diferentes, en los que se podr\u00e1 participar en juegos y canciones de animaci\u00f3n, talleres pl\u00e1sticos, maquillaje y cuentacuentos. Estas actividades se desarrollan en varias carpas en la Plaza del Conde, y son adecuadas para ni\u00f1os y ni\u00f1as de tres a seis a\u00f1os. Las sesiones de cuentos este a\u00f1o ser\u00e1n desarrolladas por Encarna Bernal, Habichuela Cuentacuentos que transforma las palabras en cuentos y los cuentos en sue\u00f1os con su sesi\u00f3n \u201cCuento que te cuento\u201d, pues detr\u00e1s de las historias y de los cuentos hay otra historia, la del autor que crea todas estas aventuras que vamos a descubrir.<\/p>\n<p>Equipos de trabajo del Divierteatro <\/p>\n<p>Las actividades l\u00fadico-educativas del Divierteatro est\u00e1n dirigidas por la Asociaci\u00f3n  Civitas y son desarrolladas por sesenta y cinco j\u00f3venes de Ciudad Rodrigo y su entorno, que colaboran en la preparaci\u00f3n y ejecuci\u00f3n de las mismas asumiendo diferentes tareas como mediadores y dinamizadores culturales, bajo la coordinaci\u00f3n de Miriam Hern\u00e1ndez y Popy Vegas. La ambientaci\u00f3n y dise\u00f1o escenogr\u00e1fico del Divierteatro vuele a ser responsabilidad del artista pl\u00e1stico Fernando Fonticoba y la imagen gr\u00e1fica es de Leticia Delgado.<br \/>\nAgradecemos la colaboraci\u00f3n del Obispado de Ciudad Rodrigo que cede espacios para las actividades, as\u00ed como la diligencia de los servicios municipales de instalaciones que desarrollan diferentes tareas de adecuaci\u00f3n y preparaci\u00f3n de los espacios. <\/p>\n","protected":false},"excerpt":{"rendered":"<p>DIVIERTEATRO: DEL PAPEL A LAS TABLAS El Programa de Animaci\u00f3n Infantil de la Feria de Teatro de Castilla [&hellip;]<\/p>\n","protected":false},"author":2,"featured_media":9314,"comment_status":"open","ping_status":"open","sticky":false,"template":"","format":"standard","meta":{"footnotes":""},"categories":[7,8],"tags":[80,12,71,72,14,91,90],"class_list":["post-9313","post","type-post","status-publish","format-standard","has-post-thumbnail","hentry","category-notas-de-prensa","category-noticias","tag-26feria","tag-artesescenicas","tag-ayuntamientodeciudadrodrigo","tag-civitas","tag-divierteatro","tag-dramaturgia","tag-ninosyninas"],"_links":{"self":[{"href":"https:\/\/feriadeteatro.com\/feria2023\/wp-json\/wp\/v2\/posts\/9313","targetHints":{"allow":["GET"]}}],"collection":[{"href":"https:\/\/feriadeteatro.com\/feria2023\/wp-json\/wp\/v2\/posts"}],"about":[{"href":"https:\/\/feriadeteatro.com\/feria2023\/wp-json\/wp\/v2\/types\/post"}],"author":[{"embeddable":true,"href":"https:\/\/feriadeteatro.com\/feria2023\/wp-json\/wp\/v2\/users\/2"}],"replies":[{"embeddable":true,"href":"https:\/\/feriadeteatro.com\/feria2023\/wp-json\/wp\/v2\/comments?post=9313"}],"version-history":[{"count":2,"href":"https:\/\/feriadeteatro.com\/feria2023\/wp-json\/wp\/v2\/posts\/9313\/revisions"}],"predecessor-version":[{"id":9316,"href":"https:\/\/feriadeteatro.com\/feria2023\/wp-json\/wp\/v2\/posts\/9313\/revisions\/9316"}],"wp:featuredmedia":[{"embeddable":true,"href":"https:\/\/feriadeteatro.com\/feria2023\/wp-json\/wp\/v2\/media\/9314"}],"wp:attachment":[{"href":"https:\/\/feriadeteatro.com\/feria2023\/wp-json\/wp\/v2\/media?parent=9313"}],"wp:term":[{"taxonomy":"category","embeddable":true,"href":"https:\/\/feriadeteatro.com\/feria2023\/wp-json\/wp\/v2\/categories?post=9313"},{"taxonomy":"post_tag","embeddable":true,"href":"https:\/\/feriadeteatro.com\/feria2023\/wp-json\/wp\/v2\/tags?post=9313"}],"curies":[{"name":"wp","href":"https:\/\/api.w.org\/{rel}","templated":true}]}}