{"id":9375,"date":"2023-08-21T11:42:11","date_gmt":"2023-08-21T11:42:11","guid":{"rendered":"https:\/\/feriadeteatro.com\/feria2023\/?p=9375"},"modified":"2023-08-21T11:46:28","modified_gmt":"2023-08-21T11:46:28","slug":"el-retorno-a-celama-de-corsario-y-otros-cuatro-estrenos-absolutos-de-companias-de-la-comunidad-abren-la-26a-feria-de-teatro-de-castilla-y-leon","status":"publish","type":"post","link":"https:\/\/feriadeteatro.com\/feria2023\/2023\/08\/21\/el-retorno-a-celama-de-corsario-y-otros-cuatro-estrenos-absolutos-de-companias-de-la-comunidad-abren-la-26a-feria-de-teatro-de-castilla-y-leon\/","title":{"rendered":"El &#8216;Retorno a Celama&#8217; de Corsario y otros cuatro estrenos absolutos de compa\u00f1\u00edas de la Comunidad abren la 26\u00aa Feria de Teatro de Castilla y Le\u00f3n"},"content":{"rendered":"<p>El &#8216;Retorno a Celama&#8217; de Corsario y otros cuatro estrenos absolutos de compa\u00f1\u00edas de la Comunidad abren la 26\u00aa Feria de Teatro de Castilla y Le\u00f3n <\/p>\n<p>El &#8216;Retorno a Celama&#8217; de Corsario y otros cuatro estrenos absolutos de compa\u00f1\u00edas de la Comunidad abren la 26\u00aa Feria de Teatro de Castilla y Le\u00f3n<br \/>\nEl Teatro Nuevo Fernando Arrabal de Ciudad Rodrigo acoger\u00e1 ma\u00f1ana la presentaci\u00f3n ante el p\u00fablico de la nueva versi\u00f3n de Teatro Corsario en torno al territorio de Celama, creado por el premio Castilla y Le\u00f3n de las Letras Luis Mateo D\u00edez. El espect\u00e1culo inaugural, &#8216;Retorno a Celama&#8217;, constituye el primero de los cinco estrenos absolutos programados en la jornada inicial de la Feria de Teatro de Castilla y Le\u00f3n, al que se sumar\u00e1n en primicia otras propuestas de compa\u00f1\u00edas de la Comunidad: &#8216;De neanderthal a sapiens&#8217;; de David Vento Dance Theater; &#8216;La mujer helada&#8217;, de Rayuela Producciones Teatrales; &#8216;Los secretos de la piedra&#8217;, de Al\u00faa Teatro, y &#8216;Enigma Shakesperare&#8217;, de Teatro de Poniente.<br \/>\nLa 26\u00aa Feria de Teatro de Castilla y Le\u00f3n ofrecer\u00e1 en su jornada inaugural, ma\u00f1ana, 22 de agosto, las primeras ocho funciones de las setenta que se suceder\u00e1n hasta el s\u00e1bado 26 de la mano de cuarenta y cinco compa\u00f1\u00edas de Espa\u00f1a y Portugal, con especial atenci\u00f3n al panorama esc\u00e9nico del occidente peninsular. La destacada representaci\u00f3n de la escena castellana y leonesa, con 14 formaciones y m\u00e1s de un tercio de la programaci\u00f3n, se deja notar desde el mismo arranque de la cita esc\u00e9nica, al aportar al programa del primer d\u00eda cinco estrenos absolutos del total de 15 previstos, a los que se sumar\u00e1n otros 4 en espa\u00f1ol.<br \/>\nLa inauguraci\u00f3n oficial tendr\u00e1 lugar en el patio noble del Palacio de Montarco mirobrigense (17.00 horas), con la presencia del vicepresidente de la Junta de Castilla y Le\u00f3n, Juan Garc\u00eda-Gallardo; el consejero de Cultura, Turismo y Deporte, Gonzalo Santonja; el presidente de Diputaci\u00f3n Provincial de Salamanca, Javier Iglesias; el alcalde de Ciudad Rodrigo, Marcos Iglesias, y el director de la Feria de Teatro, Manuel Gonz\u00e1lez. La actividad se trasladar\u00e1 a continuaci\u00f3n (18.00 horas) al Teatro Nuevo Fernando Arrabal, donde Teatro Corsario estrenar\u00e1 &#8216;Retorno a Celama&#8217;, una nueva incursi\u00f3n en el territorio literario del escritor leon\u00e9s Luis Mateo D\u00edez que ya llevara a escena hace casi dos d\u00e9cadas. Con dramaturgia y direcci\u00f3n de Jes\u00fas Pe\u00f1a, a partir de la versi\u00f3n realizada en su d\u00eda por el propio escritor y el director hist\u00f3rico de la compa\u00f1\u00eda vallisoletana, Fernando Urdiales, la puesta en escena entona un canto a la cultura campesina que se extingue.<br \/>\nTambi\u00e9n se estrenar\u00e1 el Espacio Siega Verde, con el que la Feria difundir\u00e1 el valor del yacimiento paleol\u00edtico declarado Patrimonio Mundial de la Humanidad a trav\u00e9s de un espect\u00e1culo sensorial inmersivo inspirado en su arte rupestre: \u2018Los secretos de la piedra\u2019, de la compa\u00f1\u00eda mirobrigense Al\u00faa Teatro. A las dos primeras funciones de ma\u00f1ana (biblioteca de la Escuela-Hogar de Los Sitios, 19.30 y 21.00 h) se sumar\u00e1n otras diez m\u00e1s durante las siguientes jornadas de este espect\u00e1culo concebido para espectadores de todas las edades a partir de una idea original y guion de Adelia Vicente Jorge y Daniel G\u00f3mez Iglesias.<br \/>\nAl p\u00fablico joven y adulto se dirigir\u00e1 &#8216;Quiero colapsar a tu lado&#8217; (Sala Tierra, 19.30 h), una obra situada entre el teatro-documento y la autoficci\u00f3n con la que la compa\u00f1\u00eda madrile\u00f1a La Rueda Teatro Social propone una reflexi\u00f3n en torno a la crisis ecosocial con texto y direcci\u00f3n de Rakel Camacho.<br \/>\nEl bloque de espect\u00e1culos de calle se abrir\u00e1 con el montaje para todos los p\u00fablicos &#8216;Ara&#8217;, de la madrile\u00f1a Andrea R\u00edos Company, que desplegar\u00e1 en los Jardines de Bolonia a partir de las 20.00 horas su fusi\u00f3n de circo contempor\u00e1neo con ingredientes de teatro y danza en esta historia de una mujer p\u00e1jaro que quiere romper las ataduras que le impiden volar.<br \/>\nLa oferta de esta jornada inicial se completa con tres estrenos absolutos m\u00e1s, todos ellos de formaciones castellanas y leonesas. Rayuela Producciones Teatrales presentar\u00e1 &#8216;La mujer helada&#8217;, en la que Nina Reglero adapta y dirige la narraci\u00f3n hom\u00f3nima de car\u00e1cter autobiogr\u00e1fico de la premio Nobel francesa Annie Ernaux (Espacio Afecir, 21.00 h). De nuevo en el cap\u00edtulo de propuestas de calle para todos los p\u00fablicos, David Vento Dance Theater estrenar\u00e1 (plaza de Herrasti, 22.30 h) &#8216;De neanderthal a sapiens&#8217;, uno de los espect\u00e1culos que mostrar\u00e1n la riqueza monumental de Ciudad Rodrigo y, en concreto, de su catedral. El trabajo constituye tambi\u00e9n un ejemplo de la fusi\u00f3n de g\u00e9neros y lenguajes, con recursos de danza, teatro, circo, videoarte, multimedia y m\u00fasica en directo (interpretada por Silberius de Ura y el organista de la seo mirobrigense, Manuel Jos\u00e9 Guti\u00e9rrez). La programaci\u00f3n del d\u00eda y la relaci\u00f3n de estrenos se cerrar\u00e1 con &#8216;Enigma Shakespeare&#8217;, de Teatro de Poniente (Patio de los Sitios, 23.30 h), un juego esc\u00e9nico en torno a la figura del gran escritor  ingl\u00e9s con dramaturgia y direcci\u00f3n de Antonio Velasco.<br \/>\nActividades paralelas y profesionales<br \/>\nLa programaci\u00f3n complementaria de la 26 Feria de Teatro de Castilla y Le\u00f3n incluye la muestra fotogr\u00e1fica &#8216;Titiriteros&#8217;, de la artista andaluza Mar\u00eda Jos\u00e9 Gonz\u00e1lez de la Lastra, que permanecer\u00e1 abierta al p\u00fablico cada d\u00eda en la sala de exposiciones de la Casa Municipal de Cultura, de 10.00 a 14.00 y de 17.00 a 20.00 horas.<br \/>\nAdem\u00e1s, comienzan las actividades para profesionales, con el taller COFAE (Coordinadora de Ferias de Artes Esc\u00e9nicas), que en esta ocasi\u00f3n girar\u00e1 en torno al asunto &#8216;Cultura sostenible y artes esc\u00e9nicas&#8217; (11.00 horas, en el patio-sal\u00f3n de Misioneras Santa Teresa).<br \/>\nLa Feria de Teatro se convierte en un escaparate de promoci\u00f3n de las artes esc\u00e9nicas para un total de 255 entidades profesionales acreditadas. De ellas 136 corresponden al perfil de comprador (responsables de programaci\u00f3n de espacios, ferias y festivales) y 46 al de vendedor (compa\u00f1\u00edas y productores). Otras 24 empresas de distribuci\u00f3n y producci\u00f3n dedicadas tanto a la compra como a la venta de espect\u00e1culos y 31 agentes dinamizadores del mercado (asociaciones profesionales, asesores de programaci\u00f3n o medios de comunicaci\u00f3n) completan la relaci\u00f3n de interesados en la vertiente comercial de la cita esc\u00e9nica.<br \/>\nOrganizada por la Consejer\u00eda de Cultura, Turismo y Deporte de Castilla y Le\u00f3n, con la colaboraci\u00f3n del Ayuntamiento de Ciudad Rodrigo, la Diputaci\u00f3n Provincial de Salamanca y la promotora y coordinadora de la cita (la Asociaci\u00f3n Cultural Civitas), la Feria de Teatro cuenta con el apoyo del INAEM, la Junta de Extremadura, la Junta de Andaluc\u00eda, la Federaci\u00f3n de Aut\u00f3nomos y Empresarios de la Comarca de Ciudad Rodrigo (AFECIR), COFAE y, por primera vez, tambi\u00e9n de la Fundaci\u00f3n Siega Verde.<\/p>\n<p>M\u00e1s informaci\u00f3n en:<br \/>\nwww.feriadeteatro.com <\/p>\n","protected":false},"excerpt":{"rendered":"<p>El &#8216;Retorno a Celama&#8217; de Corsario y otros cuatro estrenos absolutos de compa\u00f1\u00edas de la Comunidad abren la [&hellip;]<\/p>\n","protected":false},"author":2,"featured_media":9377,"comment_status":"open","ping_status":"open","sticky":false,"template":"","format":"standard","meta":{"footnotes":""},"categories":[7,8,1],"tags":[80,12,15,96],"class_list":["post-9375","post","type-post","status-publish","format-standard","has-post-thumbnail","hentry","category-notas-de-prensa","category-noticias","category-sin-categoria","tag-26feria","tag-artesescenicas","tag-feria","tag-inauguracion"],"_links":{"self":[{"href":"https:\/\/feriadeteatro.com\/feria2023\/wp-json\/wp\/v2\/posts\/9375","targetHints":{"allow":["GET"]}}],"collection":[{"href":"https:\/\/feriadeteatro.com\/feria2023\/wp-json\/wp\/v2\/posts"}],"about":[{"href":"https:\/\/feriadeteatro.com\/feria2023\/wp-json\/wp\/v2\/types\/post"}],"author":[{"embeddable":true,"href":"https:\/\/feriadeteatro.com\/feria2023\/wp-json\/wp\/v2\/users\/2"}],"replies":[{"embeddable":true,"href":"https:\/\/feriadeteatro.com\/feria2023\/wp-json\/wp\/v2\/comments?post=9375"}],"version-history":[{"count":1,"href":"https:\/\/feriadeteatro.com\/feria2023\/wp-json\/wp\/v2\/posts\/9375\/revisions"}],"predecessor-version":[{"id":9376,"href":"https:\/\/feriadeteatro.com\/feria2023\/wp-json\/wp\/v2\/posts\/9375\/revisions\/9376"}],"wp:featuredmedia":[{"embeddable":true,"href":"https:\/\/feriadeteatro.com\/feria2023\/wp-json\/wp\/v2\/media\/9377"}],"wp:attachment":[{"href":"https:\/\/feriadeteatro.com\/feria2023\/wp-json\/wp\/v2\/media?parent=9375"}],"wp:term":[{"taxonomy":"category","embeddable":true,"href":"https:\/\/feriadeteatro.com\/feria2023\/wp-json\/wp\/v2\/categories?post=9375"},{"taxonomy":"post_tag","embeddable":true,"href":"https:\/\/feriadeteatro.com\/feria2023\/wp-json\/wp\/v2\/tags?post=9375"}],"curies":[{"name":"wp","href":"https:\/\/api.w.org\/{rel}","templated":true}]}}