{"id":10101,"date":"2023-11-24T13:28:22","date_gmt":"2023-11-24T12:28:22","guid":{"rendered":"https:\/\/feriadeteatro.com\/feria2024\/?p=10101"},"modified":"2023-11-24T13:28:22","modified_gmt":"2023-11-24T12:28:22","slug":"abierto-el-plazo-de-presentacion-de-propuestas-para-participar-en-la-27oferia-de-teatro-de-castilla-y-leon","status":"publish","type":"post","link":"https:\/\/feriadeteatro.com\/feria2024\/abierto-el-plazo-de-presentacion-de-propuestas-para-participar-en-la-27oferia-de-teatro-de-castilla-y-leon\/","title":{"rendered":"ABIERTO EL PLAZO DE PRESENTACI\u00d3N DE PROPUESTAS PARA PARTICIPAR EN LA 27\u00baFERIA DE TEATRO DE CASTILLA Y LE\u00d3N"},"content":{"rendered":"<p>Del 20 al 24 de agosto la Feria de Teatro de Castilla y Le\u00f3n\/Ciudad Rodrigo celebrar\u00e1 su 27\u00ba edici\u00f3n, convirti\u00e9ndose de nuevo en un escenario incomparable para que las compa\u00f1\u00edas profesionales muestren sus \u00faltimas creaciones ante los y las profesionales del sector,  as\u00ed como ante el numeroso p\u00fablico que cada a\u00f1o participa en esta cita, ya ineludible, en el panorama teatral.<\/p>\n<p>El plazo de presentaci\u00f3n de propuestas estar\u00e1 abierto hasta el 20 de Febrero de 2024. Toda la informaci\u00f3n sobre la convocatoria y ficha de inscripci\u00f3n esta disponible www.feriadeteatro.com <\/p>\n","protected":false},"excerpt":{"rendered":"<p>Del 20 al 24 de agosto la Feria de Teatro de Castilla y Le\u00f3n\/Ciudad Rodrigo celebrar\u00e1 su 27\u00ba [&hellip;]<\/p>\n","protected":false},"author":2,"featured_media":9946,"comment_status":"closed","ping_status":"closed","sticky":false,"template":"","format":"standard","meta":{"footnotes":""},"categories":[7,8],"tags":[12,65,61,15,58,69,31],"class_list":["post-10101","post","type-post","status-publish","format-standard","has-post-thumbnail","hentry","category-notas-de-prensa","category-noticias","tag-artesescenicas","tag-castillayleon","tag-ciudadrodrigo","tag-feria","tag-feriadeteatro","tag-juntadecastillayleon","tag-teatro"],"_links":{"self":[{"href":"https:\/\/feriadeteatro.com\/feria2024\/wp-json\/wp\/v2\/posts\/10101","targetHints":{"allow":["GET"]}}],"collection":[{"href":"https:\/\/feriadeteatro.com\/feria2024\/wp-json\/wp\/v2\/posts"}],"about":[{"href":"https:\/\/feriadeteatro.com\/feria2024\/wp-json\/wp\/v2\/types\/post"}],"author":[{"embeddable":true,"href":"https:\/\/feriadeteatro.com\/feria2024\/wp-json\/wp\/v2\/users\/2"}],"replies":[{"embeddable":true,"href":"https:\/\/feriadeteatro.com\/feria2024\/wp-json\/wp\/v2\/comments?post=10101"}],"version-history":[{"count":1,"href":"https:\/\/feriadeteatro.com\/feria2024\/wp-json\/wp\/v2\/posts\/10101\/revisions"}],"predecessor-version":[{"id":10102,"href":"https:\/\/feriadeteatro.com\/feria2024\/wp-json\/wp\/v2\/posts\/10101\/revisions\/10102"}],"wp:featuredmedia":[{"embeddable":true,"href":"https:\/\/feriadeteatro.com\/feria2024\/wp-json\/wp\/v2\/media\/9946"}],"wp:attachment":[{"href":"https:\/\/feriadeteatro.com\/feria2024\/wp-json\/wp\/v2\/media?parent=10101"}],"wp:term":[{"taxonomy":"category","embeddable":true,"href":"https:\/\/feriadeteatro.com\/feria2024\/wp-json\/wp\/v2\/categories?post=10101"},{"taxonomy":"post_tag","embeddable":true,"href":"https:\/\/feriadeteatro.com\/feria2024\/wp-json\/wp\/v2\/tags?post=10101"}],"curies":[{"name":"wp","href":"https:\/\/api.w.org\/{rel}","templated":true}]}}