{"id":10107,"date":"2024-01-17T12:26:33","date_gmt":"2024-01-17T11:26:33","guid":{"rendered":"https:\/\/feriadeteatro.com\/feria2024\/?p=10107"},"modified":"2024-01-17T12:26:33","modified_gmt":"2024-01-17T11:26:33","slug":"la-feria-de-teatro-de-castilla-y-leon-ciudad-rodrigo-vuelve-a-destacar-entre-lo-mejor-de-la-cultura-de-espana-en-2023","status":"publish","type":"post","link":"https:\/\/feriadeteatro.com\/feria2024\/la-feria-de-teatro-de-castilla-y-leon-ciudad-rodrigo-vuelve-a-destacar-entre-lo-mejor-de-la-cultura-de-espana-en-2023\/","title":{"rendered":"LA FERIA DE TEATRO DE CASTILLA Y LE\u00d3N\/CIUDAD RODRIGO, VUELVE A DESTACAR ENTRE LO MEJOR DE LA CULTURA DE ESPA\u00d1A EN 2023"},"content":{"rendered":"<p>        El Observatorio de la Cultura  reconoce nuevamente a la Feria de Teatro entre los acontecimientos culturales m\u00e1s importantes del a\u00f1o en Espa\u00f1a en 2023. La Feria de Teatro de Castilla y Le\u00f3n\/Ciudad Rodrigo, aparece nuevamente en el ranking nacional, en un listado en el que aparecen las 102 iniciativas culturales m\u00e1s destacadas en 2023, en el cual solo se incluyen siete festivales\/ferias y es el \u00fanico evento de artes esc\u00e9nicas de Castilla y Le\u00f3n en el ranking nacional. La Feria de Teatro de nuevo aparece entre lo m\u00e1s destacado del \u00faltimo a\u00f1o en el ranking nacional, en el que tan solo el 7,8% son eventos, proyectos o instituciones de Castilla y Le\u00f3n.<\/p>\n<p>\tLa Fundaci\u00f3n Contempor\u00e1nea acaba de presentar los resultados de la consulta anual del Observatorio de la Cultura, correspondiente al informe de lo mejor de la cultura en 2023. En su informe, el Observatorio de la Cultura, analiza los eventos culturales y art\u00edsticos m\u00e1s destacados, as\u00ed como los museos e instalaciones culturales, encabezando nuevamente el ranking nacional el Museo Nacional del Prado, el Museo Nacional Centro de Arte Reina Sof\u00eda, el Museo Nacional Thyssen-Bornemiza y el Festival de Cine de San Sebasti\u00e1n. <\/p>\n<p>\tLa Feria de Teatro de Castilla y Le\u00f3n\/Ciudad Rodrigo aparece entre los ciento dos eventos destacados en el ranking nacional, concretamente en el puesto 60. Resulta especialmente significativa la nueva inclusi\u00f3n de la Feria de Teatro dado que todos proyectos que se destacan en el informe se desarrollan en grandes capitales de provincias y fundamentalmente de Madrid, Barcelona, M\u00e1laga Valencia y Bilbao; siendo uno de los siete \u00fanicos proyectos implantados en poblaciones con menos de 15.000 habitantes,  frente a la polarizaci\u00f3n de la cultura en el \u00e1mbito urbano.<\/p>\n<p>\tEn el ranking nacional aparecen diez festivales o ferias de artes esc\u00e9nicas, entre los que se encuentra la Feria de Teatro de Ciudad Rodrigo, junto con Festival Internacional de Teatro Cl\u00e1sico de M\u00e9rida, el  Festival Internacional de Teatro Cl\u00e1sico de Almagro, Temporada Alta Festival del Tardor de Catalunya, Festival de Oto\u00f1o de Madrid, Grec Festival de Barcelona, FETEN, Fit de C\u00e1diz, Mediterranea y Fira T\u00e1rrega.<\/p>\n<p>        El informe destaca los 102 acontecimientos m\u00e1s importantes de Espa\u00f1a a lo largo del a\u00f1o 2023, y se elabora con la opini\u00f3n de un millar de panelistas expertos a quienes se invita a participar en la investigaci\u00f3n. Sin duda,  que aparezca la Feria de Teatro de Ciudad Rodrigo en este ranking tiene un valor adicional al desarrollarse en periferia y en un entorno rural. El ranking exclusivo de la Comunidad de Castilla y Le\u00f3n, en el que se incluyen 18 iniciativas, lo encabezan la Seminci de Valladolid, seguida del Museo Patio Herreriano y en tercer lugar la Feria de Teatro de Castilla y Le\u00f3n\/Ciudad Rodrigo, que  vuelve a ser el evento de artes esc\u00e9nicas m\u00e1s destacado de la Comunidad a juicio de los expertos.<br \/>\nEl Observatorio de la Cultura elabora desde 2009 una serie de rankings e indicadores fijos relativos a la actividad cultural de las diferentes comunidades aut\u00f3nomas y ciudades, a las instituciones y acontecimientos culturales m\u00e1s destacados del a\u00f1o o a la evoluci\u00f3n anual de los presupuestos de las organizaciones del sector.<\/p>\n<p>       El objetivo principal de estos rankings es dar visibilidad y reconocimiento a una oferta cultural muy amplia, diversa y de gran calidad a lo largo de toda la geograf\u00eda espa\u00f1ola y en constante renovaci\u00f3n, incluso en los momentos de mayor adversidad. Para llevar a cabo esta consulta, se conforma un panel formado por 1082 profesionales de primer nivel de nuestra cultura: escritores, artistas, directores y actores, m\u00fasicos, arquitectos y creadores de todos los campos; responsables de fundaciones, directores de museos, teatros, centros e instituciones culturales; editores, productores, promotores, galeristas y responsables de industrias culturales, comisarios de exposiciones, directores de festivales, gestores culturales y profesionales del sector, as\u00ed como responsables de \u00e1reas e instituciones culturales de la administraci\u00f3n p\u00fablica central, auton\u00f3mica y municipal. En esta nueva edici\u00f3n del Observatorio de la Cultura el cuestionario ha sido contestado por 414 miembros del panel, de los que un 46,5 % trabajan en una organizaci\u00f3n cultural p\u00fablica, un 36,1 % en una organizaci\u00f3n cultural privada y el 17,4 % como profesionales independientes del sector.<br \/>\nEl objetivo principal del Observatorio de la Cultura es dar visibilidad a una oferta cultural muy amplia, diversa y de gran calidad a lo largo de toda la geograf\u00eda espa\u00f1ola y en constante renovaci\u00f3n, aportando el aval de los profesionales m\u00e1s destacados del sector.<\/p>\n<p>INFORME COMPLETO : https:\/\/www.lafabrica.com\/wp-images\/Informe_Observatorio-de-la-Cultura_2023.pdf <\/p>\n","protected":false},"excerpt":{"rendered":"<p>El Observatorio de la Cultura reconoce nuevamente a la Feria de Teatro entre los acontecimientos culturales m\u00e1s importantes [&hellip;]<\/p>\n","protected":false},"author":2,"featured_media":10108,"comment_status":"closed","ping_status":"closed","sticky":false,"template":"","format":"standard","meta":{"footnotes":""},"categories":[7,8],"tags":[12,57,99,100],"class_list":["post-10107","post","type-post","status-publish","format-standard","has-post-thumbnail","hentry","category-notas-de-prensa","category-noticias","tag-artesescenicas","tag-cultura","tag-observatoriocultura","tag-rankingnacional"],"_links":{"self":[{"href":"https:\/\/feriadeteatro.com\/feria2024\/wp-json\/wp\/v2\/posts\/10107","targetHints":{"allow":["GET"]}}],"collection":[{"href":"https:\/\/feriadeteatro.com\/feria2024\/wp-json\/wp\/v2\/posts"}],"about":[{"href":"https:\/\/feriadeteatro.com\/feria2024\/wp-json\/wp\/v2\/types\/post"}],"author":[{"embeddable":true,"href":"https:\/\/feriadeteatro.com\/feria2024\/wp-json\/wp\/v2\/users\/2"}],"replies":[{"embeddable":true,"href":"https:\/\/feriadeteatro.com\/feria2024\/wp-json\/wp\/v2\/comments?post=10107"}],"version-history":[{"count":1,"href":"https:\/\/feriadeteatro.com\/feria2024\/wp-json\/wp\/v2\/posts\/10107\/revisions"}],"predecessor-version":[{"id":10109,"href":"https:\/\/feriadeteatro.com\/feria2024\/wp-json\/wp\/v2\/posts\/10107\/revisions\/10109"}],"wp:featuredmedia":[{"embeddable":true,"href":"https:\/\/feriadeteatro.com\/feria2024\/wp-json\/wp\/v2\/media\/10108"}],"wp:attachment":[{"href":"https:\/\/feriadeteatro.com\/feria2024\/wp-json\/wp\/v2\/media?parent=10107"}],"wp:term":[{"taxonomy":"category","embeddable":true,"href":"https:\/\/feriadeteatro.com\/feria2024\/wp-json\/wp\/v2\/categories?post=10107"},{"taxonomy":"post_tag","embeddable":true,"href":"https:\/\/feriadeteatro.com\/feria2024\/wp-json\/wp\/v2\/tags?post=10107"}],"curies":[{"name":"wp","href":"https:\/\/api.w.org\/{rel}","templated":true}]}}