{"id":10140,"date":"2024-04-19T09:02:42","date_gmt":"2024-04-19T08:02:42","guid":{"rendered":"https:\/\/feriadeteatro.com\/feria2024\/?p=10140"},"modified":"2024-04-19T09:02:42","modified_gmt":"2024-04-19T08:02:42","slug":"la-13o-edicion-de-los-premios-rosa-maria-garcia-cano-abre-su-convocatoria","status":"publish","type":"post","link":"https:\/\/feriadeteatro.com\/feria2024\/la-13o-edicion-de-los-premios-rosa-maria-garcia-cano-abre-su-convocatoria\/","title":{"rendered":"LA 13\u00ba EDICI\u00d3N DE LOS PREMIOS ROSA MAR\u00cdA GARC\u00cdA CANO ABRE SU CONVOCATORIA"},"content":{"rendered":"<p>A partir del d\u00eda del 23 de ABRIL, y hasta el 23 de JUNIO, queda abierta la convocatoria de presentaci\u00f3n de propuestas para la 13\u00aa EDICI\u00d3N DE LOS PREMIOS ROSA MAR\u00cdA GARC\u00cdA CANO. Concedidos por la Asociaci\u00f3n Cultural C\u00edvitas,  pretenden recordar y poner en valor la figura de Rosa Mar\u00eda Garc\u00eda Cano, una de las personas fundadoras de la Asociaci\u00f3n y de la Feria de Teatro de Castilla y Le\u00f3n-Ciudad Rodrigo, reconociendo su labor y empe\u00f1o por fomentar y promocionar el desarrollo social, cultural, econ\u00f3mico y educativo de la sociedad desde las Artes Esc\u00e9nicas. <\/p>\n<p>El objetivo principal es el de hacer un reconocimiento p\u00fablico a la trayectoria de personas, colectivos o instituciones que hayan destacado en la labor profesional por intervenciones e iniciativas significativas vinculadas a las Artes Esc\u00e9nicas en Espa\u00f1a y Portugal, en 3 \u00e1mbitos: el de la educaci\u00f3n y promoci\u00f3n para infancia y juventud, en el de la gesti\u00f3n cultural, y en el de  iniciativas y programas de artes esc\u00e9nicas ligadas al medio rural.<\/p>\n<p>Las distintas modalidades a trav\u00e9s de las cu\u00e1les se conceder\u00e1n los premios son:<\/p>\n<p> 1\u00aa MODALIDAD: PREMIO  A LA MEJOR INICIATIVA DE PROGRAMAS EDUCATIVOS Y DE PROMOCI\u00d3N DE LAS ARTES ESC\u00c9NICAS PARA INFANCIA Y JUVENTUD. <\/p>\n<p>2\u00aa MODALIDAD: PREMIO A LA GESTI\u00d3N CULTURAL EN AA.EE. (GESTI\u00d3N, PROMOCI\u00d3N, VISIBILIDAD Y FOMENTO DE LA CULTURA ESC\u00c9NICA)<\/p>\n<p>3\u00aa MODALIDAD: PREMIO A INICIATIVAS Y PROGRAMAS DE ARTES ESC\u00c9NICAS LIGADAS AL MEDIO RURAL (poblaciones de menos de diez mil habitantes)<\/p>\n<p>Las candidaturas se pueden presentar hasta el 23 de Junio  por correo electr\u00f3nico a la siguiente direcci\u00f3n: civitas@feriadeteatro.com  indicando en el asunto<br \/>\n13\u00ba PREMIOS ROSA MAR\u00cdA GARC\u00cdA CANO <\/p>\n<p>Toda la informaci\u00f3n sobre los premios, la convocatoria y las bases las pueden encontrar  en la p\u00e1gina web: https:\/\/feriadeteatro.com\/feria2024\/premios-rosa-maria-garcia-cano\/ <\/p>\n","protected":false},"excerpt":{"rendered":"<p>A partir del d\u00eda del 23 de ABRIL, y hasta el 23 de JUNIO, queda abierta la convocatoria [&hellip;]<\/p>\n","protected":false},"author":2,"featured_media":10141,"comment_status":"closed","ping_status":"closed","sticky":false,"template":"","format":"standard","meta":{"footnotes":""},"categories":[7,8],"tags":[101,12,15,58,18,28,30],"class_list":["post-10140","post","type-post","status-publish","format-standard","has-post-thumbnail","hentry","category-notas-de-prensa","category-noticias","tag-27feria","tag-artesescenicas","tag-feria","tag-feriadeteatro","tag-gestioncultural-infanciayjuventud","tag-premiosrosa","tag-rural"],"_links":{"self":[{"href":"https:\/\/feriadeteatro.com\/feria2024\/wp-json\/wp\/v2\/posts\/10140","targetHints":{"allow":["GET"]}}],"collection":[{"href":"https:\/\/feriadeteatro.com\/feria2024\/wp-json\/wp\/v2\/posts"}],"about":[{"href":"https:\/\/feriadeteatro.com\/feria2024\/wp-json\/wp\/v2\/types\/post"}],"author":[{"embeddable":true,"href":"https:\/\/feriadeteatro.com\/feria2024\/wp-json\/wp\/v2\/users\/2"}],"replies":[{"embeddable":true,"href":"https:\/\/feriadeteatro.com\/feria2024\/wp-json\/wp\/v2\/comments?post=10140"}],"version-history":[{"count":1,"href":"https:\/\/feriadeteatro.com\/feria2024\/wp-json\/wp\/v2\/posts\/10140\/revisions"}],"predecessor-version":[{"id":10142,"href":"https:\/\/feriadeteatro.com\/feria2024\/wp-json\/wp\/v2\/posts\/10140\/revisions\/10142"}],"wp:featuredmedia":[{"embeddable":true,"href":"https:\/\/feriadeteatro.com\/feria2024\/wp-json\/wp\/v2\/media\/10141"}],"wp:attachment":[{"href":"https:\/\/feriadeteatro.com\/feria2024\/wp-json\/wp\/v2\/media?parent=10140"}],"wp:term":[{"taxonomy":"category","embeddable":true,"href":"https:\/\/feriadeteatro.com\/feria2024\/wp-json\/wp\/v2\/categories?post=10140"},{"taxonomy":"post_tag","embeddable":true,"href":"https:\/\/feriadeteatro.com\/feria2024\/wp-json\/wp\/v2\/tags?post=10140"}],"curies":[{"name":"wp","href":"https:\/\/api.w.org\/{rel}","templated":true}]}}