{"id":10713,"date":"2024-07-18T10:13:14","date_gmt":"2024-07-18T09:13:14","guid":{"rendered":"https:\/\/feriadeteatro.com\/feria2024\/?p=10713"},"modified":"2024-07-18T10:14:40","modified_gmt":"2024-07-18T09:14:40","slug":"mas-de-una-veintena-de-companias-de-castilla-y-leon-participaran-en-la-27a-feria-de-teatro-que-afianza-su-compromiso-con-la-produccion-regional-y-su-proyeccion-en-los-mercados-profesionales","status":"publish","type":"post","link":"https:\/\/feriadeteatro.com\/feria2024\/mas-de-una-veintena-de-companias-de-castilla-y-leon-participaran-en-la-27a-feria-de-teatro-que-afianza-su-compromiso-con-la-produccion-regional-y-su-proyeccion-en-los-mercados-profesionales\/","title":{"rendered":"M\u00e1s de una veintena de compa\u00f1\u00edas de Castilla y Le\u00f3n participar\u00e1n en la 27\u00aa Feria de Teatro, que afianza su compromiso con la producci\u00f3n regional y su proyecci\u00f3n en los mercados profesionales"},"content":{"rendered":"<p>La programaci\u00f3n a\u00fana la veteran\u00eda de las compa\u00f1\u00edas Azar, Corsario, Nao d\u2019amores, Perigallo, La Chana, Spasmo, Teloncillo, Ghetto 13-26 y Valquiria con la creaci\u00f3n emergente de El Tr\u00edo Caracol, Marcos Martincano, Olaya Hernando y Mar\u00eda San Miguel, Tripabajo y Arts Creative.<\/p>\n<p>El impulso a la profesionalizaci\u00f3n del sector en la Comunidad se intensificar\u00e1 en este a\u00f1o, con un encuentro de trabajo promovido por Artesa para idear un proyecto esc\u00e9nico de valor cultural y tur\u00edstico a partir de la Ruta de la Plata y el Camino de Santiago y que implique a los territorios colindantes.<br \/>\nLa producci\u00f3n regional volver\u00e1 a ser protagonista en la Feria de Teatro de Castilla y Le\u00f3n con la presencia de m\u00e1s de una veintena de compa\u00f1\u00edas entre aquellas que presentar\u00e1n sus propuestas sobre las tablas, que, este a\u00f1o, suponen m\u00e1s de un tercio de la programaci\u00f3n y conjugan veteran\u00eda y nuevos nombres, y las que participar\u00e1n en las distintas iniciativas y actividades enfocadas al sector, cifras que afianzan el v\u00ednculo de la cita mirobrigense con la creaci\u00f3n regional y su proyecci\u00f3n en los mercados profesionales.<br \/>\nCatorce espect\u00e1culos de la Comunidad, cinco de ellos estrenos absolutos, formar\u00e1n parte del cartel oficial. Los vallisoletanos Azar Teatro inaugurar\u00e1n la Feria el martes 20 con Escupir al cielo, una comedia negra dirigida por Javier Esteban Lamarca y con Mercedes Asenjo y Carlos Tapia como protagonistas de una historia ambientada en una estaci\u00f3n de servicio en la que varios personajes coinciden a lo largo de una noche marcada por un estallido de violencia.<br \/>\nTambi\u00e9n procedentes de Valladolid y viejos conocidos del certamen, donde, en 2006, ganaron el Premio al Mejor Espect\u00e1culo de Sala por La barraca de Col\u00f3n, Corsario regresa a los escenarios de Ciudad Rodrigo con su adaptaci\u00f3n del cl\u00e1sico El alcalde de Zalamea, con direcci\u00f3n de Jes\u00fas Pe\u00f1a y Carlos Pinedo en el rol principal de este drama de honor afrontado desde un prisma actual en el fondo y desde el respeto a la pronunciaci\u00f3n del verso en la forma. <\/p>\n<p>Otra pieza de Calder\u00f3n, comedia de enredos en este caso, llegar\u00e1 de la mano de la segoviana Ana Zamora y la compa\u00f1\u00eda Nao d\u2019amores, Premio Nacional de Teatro en 2023 y que, a trav\u00e9s de t\u00e9cnicas esc\u00e9nicas primitivas y fieles a la representaci\u00f3n original de los textos medievales y renacentistas, una de sus se\u00f1as de identidad, vuelve a la Feria con El castillo de Lindabridis, coproducida por la Compa\u00f1\u00eda Nacional de Teatro Cl\u00e1sico (CNTC).<br \/>\nJavier Manzanera y Celia Nadal, de la formaci\u00f3n abulense Perigallo, ganadora del Premio al Mejor Espect\u00e1culo de Sala en 2017 por Espacio disponible, escriben y protagonizan Por voluntad propia, una comedia dram\u00e1tica y metaficcional dirigida por Luis Felpeto sobre la b\u00fasqueda de la identidad y, en el relato Talpa, de Juan Rulfo, se basan Ana Luz de Andr\u00e9s y Jaime Santos, de la compa\u00f1\u00eda salmantina La Chana, para dar forma a Natalia. \u00abUn cuento muy duro, donde cada frase es una herida\u00bb sirve de gu\u00eda para este montaje para adultos que incide en la expresividad y el simbolismo asociados al teatro de objetos al que se dedican desde hace m\u00e1s de 25 a\u00f1os y que les ha reportado galardones como el Premio al Mejor Espect\u00e1culo Familiar en la Feria de 2020, que lograron por su Blancanieves, tambi\u00e9n ganadora del Max.<\/p>\n<p>A los m\u00e1s peque\u00f1os se dirigen las obras de otras dos compa\u00f1\u00edas fijas de la escena castellana y leonesa. Con Bichitos, el conjunto charro Spasmo, que cosech\u00f3 el galard\u00f3n en su respectiva categor\u00eda por El Mundo Lirondo en la Feria de 2017, sube a las tablas una pieza did\u00e1ctica y divertida sobre el mundo de los insectos, mientras que a la primera infancia se dirige La selva, un canto a los animales salvajes de los vallisoletanos Teloncillo, cuya trayectoria de m\u00e1s de treinta a\u00f1os viene avalada por numerosos reconocimientos, como el Premio Rosa Mar\u00eda Cano, que otorga el certamen mirobrigense, y el Premio Nacional de Artes Esc\u00e9nicas para la Infancia y la Juventud, as\u00ed como distintos galardones en festivales como Almagro, FETEN y Te Veo, entre otros.<br \/>\nDirigidos por F\u00e9lix Fradejas, los vallisoletanos Ghetto 13-26, que ya recalaron en Ciudad Rodrigo en 2020 y en 2023 con sus desconstrucciones de La casa de Bernarda Alba y Bodas de sangre, dan esta vez una vuelta de tuerca a Un enemigo del pueblo, de Ibsen, para abordar la historia de un m\u00e9dico que ha de enfrentarse a sus vecinos tras descubrir que las aguas del balneario que da riqueza a la localidad est\u00e1n contaminadas en uno de los estrenos de esta edici\u00f3n. Tambi\u00e9n ver\u00e1 la luz en el municipio salmantino Mar\u00eda Negro y Alba Frechilla, de la compa\u00f1\u00eda Valquiria Teatro, que regresar\u00e1n a la Feria, donde participaron en 2021 con El d\u00eda m\u00e1s feliz de nuestra vida, con La maja robada, una comedia con pinceladas dram\u00e1ticas basada en la historia real de Mar\u00eda Teresa \u00c1lvarez Herreros de Tejada, una mujer que, en plena posguerra, se hizo pasar por marquesa para apropiarse de cuadros y otros objetos art\u00edsticos incautados. <\/p>\n<p>Impulso a la producci\u00f3n joven y a los nuevos lenguajes esc\u00e9nicos<br \/>\nFiel a su esp\u00edritu de promoci\u00f3n del talento joven de Castilla y Le\u00f3n y la rotaci\u00f3n de compa\u00f1\u00edas, la vig\u00e9sima s\u00e9ptima Feria de Teatro servir\u00e1 tambi\u00e9n de escaparate a conjuntos nacidos en los \u00faltimos a\u00f1os y que apuestan por nuevos lenguajes esc\u00e9nicos.  Como una \u00abopereta-cabaret de c\u00e1mara contempor\u00e1nea\u00bb define El Tr\u00edo Caracol su \u00faltimo espect\u00e1culo, Todos los esp\u00edritus santos, otro de los estrenos absolutos de esta edici\u00f3n. Con la voz de V\u00edctor Cerezo, Juan Manuel Tordable al piano y Rodrigo J. Ruiz al viol\u00edn, la joven formaci\u00f3n, que cerr\u00f3 la Feria en 2021 con uno de sus particulares conciertos, indaga en la a\u00f1oranza del migrante con la copla y el folclore como ejes de un espect\u00e1culo h\u00edbrido en el que las crestas sustituyen a las peinetas.<br \/>\nTambi\u00e9n sobre las ra\u00edces perdidas y el potencial subversivo de la tradici\u00f3n transita Hacer torrijas como acto de resistencia, un solo de danza contempor\u00e1nea sensorial planteado como un viaje personal y familiar por el valle del Ti\u00e9tar que firma Marcos Martincano en su primera visita en Ciudad Rodrigo y que constituye otro de los estrenos regionales de este a\u00f1o, que completan Mujeres y vanguardias, primera colaboraci\u00f3n entre Olaya Hernando y Mar\u00eda San Miguel, que visitan por primera vez juntas la Feria, donde presentar\u00e1n un recorrido por textos y composiciones de grandes autoras para reivindicar el papel femenino en la creaci\u00f3n art\u00edstica.<br \/>\nOtras dos compa\u00f1\u00edas emergentes de Castilla y Le\u00f3n recalar\u00e1n tambi\u00e9n por primera vez en la cita charra. En La enfermedad del mal gusto, Tripabajo explora las fronteras entre realidad y manipulaci\u00f3n con los programas de telerrealidad como punto de partida, mientras que Arts Creative llevar\u00e1 a las calles de la localidad sus caballos flotantes y multicolores en Aere\u00f3n, una pieza familiar llena de m\u00fasica y ritmo y concebida para el espacio p\u00fablico.<br \/>\nAdem\u00e1s, la programaci\u00f3n de Divierteatro, el proyecto de promoci\u00f3n esc\u00e9nico y animaci\u00f3n teatral para la infancia, que se presentar\u00e1 a comienzos de agosto, volver\u00e1 a tener una nutrida presencia castellana y leonesa.<br \/>\nUn escaparate para la industria<br \/>\nM\u00e1s all\u00e1 de la exhibici\u00f3n, la vig\u00e9sima s\u00e9ptima Feria de Teatro se convertir\u00e1 en un espacio para la profesionalizaci\u00f3n del sector a trav\u00e9s de distintas actividades e iniciativas entre las que destaca, como novedad, un encuentro de trabajo promovido por ARTESA, la Asociaci\u00f3n de Empresas de Artes Esc\u00e9nicas de Castilla y Le\u00f3n, que aglutina a 43 compa\u00f1\u00edas profesionales de la Comunidad. El d\u00eda 23 de agosto, bajo el t\u00edtulo \u00abCaminos de Encuentro\u00bb, esta reuni\u00f3n congregar\u00e1 a los integrantes de Artesa y a presidentes y representantes de asociaciones empresariales de los territorios colindantes con el objetivo de idear un proyecto esc\u00e9nico com\u00fan de valor cultural y tur\u00edstico a partir de la Ruta de la Plata y el Camino de Santiago.  Ese mismo d\u00eda, tambi\u00e9n tendr\u00e1 lugar la presentaci\u00f3n de la plataforma abierta y multidisciplinar de Mujeres Artistas Profesionales de Valladolid (MAPVA), un escaparate para impulsar y promocionar la creaci\u00f3n femenina en el que las artes en vivo cuentan con un destacado protagonismo.<br \/>\nAdem\u00e1s, el d\u00eda 22, cinco compa\u00f1\u00edas castellanas y leonesas tendr\u00e1n la oportunidad de dar a conocer sus \u00faltimos proyectos en sendas presentaciones en las que participar\u00e1n Elar Teatro (Postdata\u2026 siempre tuyo), T-NAOS Producciones (Castrati), La Submarina (Mortadelo, a la libertad desde el teatro), Chicas y Maletas (Tengo derecho a destruirme) y Popy Vegas (El pastor que hablaba con las estrellas). Las actividades profesionales se completar\u00e1n con la presentaci\u00f3n, el d\u00eda 21, del libro Un dios manipulable, de Sergio Artero, perteneciente a la compa\u00f1\u00eda segoviana Saltatium Teatro. Ensayo transdisciplinar sobre t\u00edteres articulado desde la historia, la antropolog\u00eda, la filosof\u00eda y la psicolog\u00eda, el volumen aborda el estudio del mu\u00f1eco como representaci\u00f3n antropom\u00f3rfica manipulable del imaginario simb\u00f3lico y social de cada \u00e9poca y cuenta con un pr\u00f3logo firmado por el titiritero e investigador Toni Rumbao.<\/p>\n","protected":false},"excerpt":{"rendered":"<p>La programaci\u00f3n a\u00fana la veteran\u00eda de las compa\u00f1\u00edas Azar, Corsario, Nao d\u2019amores, Perigallo, La Chana, Spasmo, Teloncillo, Ghetto [&hellip;]<\/p>\n","protected":false},"author":2,"featured_media":10716,"comment_status":"closed","ping_status":"closed","sticky":false,"template":"","format":"standard","meta":{"footnotes":""},"categories":[7,8],"tags":[101,12,65,87,13,57,88,64],"class_list":["post-10713","post","type-post","status-publish","format-standard","has-post-thumbnail","hentry","category-notas-de-prensa","category-noticias","tag-27feria","tag-artesescenicas","tag-castillayleon","tag-ciascyl","tag-companias","tag-cultura","tag-estrenos","tag-profesionales"],"_links":{"self":[{"href":"https:\/\/feriadeteatro.com\/feria2024\/wp-json\/wp\/v2\/posts\/10713","targetHints":{"allow":["GET"]}}],"collection":[{"href":"https:\/\/feriadeteatro.com\/feria2024\/wp-json\/wp\/v2\/posts"}],"about":[{"href":"https:\/\/feriadeteatro.com\/feria2024\/wp-json\/wp\/v2\/types\/post"}],"author":[{"embeddable":true,"href":"https:\/\/feriadeteatro.com\/feria2024\/wp-json\/wp\/v2\/users\/2"}],"replies":[{"embeddable":true,"href":"https:\/\/feriadeteatro.com\/feria2024\/wp-json\/wp\/v2\/comments?post=10713"}],"version-history":[{"count":1,"href":"https:\/\/feriadeteatro.com\/feria2024\/wp-json\/wp\/v2\/posts\/10713\/revisions"}],"predecessor-version":[{"id":10717,"href":"https:\/\/feriadeteatro.com\/feria2024\/wp-json\/wp\/v2\/posts\/10713\/revisions\/10717"}],"wp:featuredmedia":[{"embeddable":true,"href":"https:\/\/feriadeteatro.com\/feria2024\/wp-json\/wp\/v2\/media\/10716"}],"wp:attachment":[{"href":"https:\/\/feriadeteatro.com\/feria2024\/wp-json\/wp\/v2\/media?parent=10713"}],"wp:term":[{"taxonomy":"category","embeddable":true,"href":"https:\/\/feriadeteatro.com\/feria2024\/wp-json\/wp\/v2\/categories?post=10713"},{"taxonomy":"post_tag","embeddable":true,"href":"https:\/\/feriadeteatro.com\/feria2024\/wp-json\/wp\/v2\/tags?post=10713"}],"curies":[{"name":"wp","href":"https:\/\/api.w.org\/{rel}","templated":true}]}}