{"id":10732,"date":"2024-08-01T11:32:36","date_gmt":"2024-08-01T10:32:36","guid":{"rendered":"https:\/\/feriadeteatro.com\/feria2024\/?p=10732"},"modified":"2024-08-01T11:32:36","modified_gmt":"2024-08-01T10:32:36","slug":"seis-companias-salmantinas-participaran-en-la-27a-feria-de-teatro-de-castilla-y-leon","status":"publish","type":"post","link":"https:\/\/feriadeteatro.com\/feria2024\/seis-companias-salmantinas-participaran-en-la-27a-feria-de-teatro-de-castilla-y-leon\/","title":{"rendered":"Seis compa\u00f1\u00edas salmantinas participar\u00e1n en la 27\u00aa Feria de Teatro de Castilla y Le\u00f3n"},"content":{"rendered":"<p>\u2022\tSpasmo, La Chana y ARTScreative formar\u00e1n parte del cartel de esta edici\u00f3n, mientras que las formaciones emergentes Chicas y Maletas y Popy Vegas presentar\u00e1n sus nuevos proyectos en las jornadas enfocadas al p\u00fablico profesional, donde tambi\u00e9n estar\u00e1 presente la empresa de distribuci\u00f3n Producciones 3<\/p>\n<p>Salamanca, 1 de agosto de 2024. Seis compa\u00f1\u00edas salmantinas participar\u00e1n en la vig\u00e9sima s\u00e9ptima edici\u00f3n de la Feria de Teatro de Castilla y Le\u00f3n, que, entre el 20 y el 24 de agosto, volver\u00e1 a convertir Ciudad Rodrigo en un escaparate para el sector esc\u00e9nico de la provincia, tanto sobre los escenarios como en las distintas presentaciones, encuentros y jornadas de mercado enfocadas a profesionales.<\/p>\n<p>La programaci\u00f3n charra arrancar\u00e1 en el Teatro Nuevo Fernando Arrabal el d\u00eda 21, a las 11.00 horas, de la mano de Spasmo Teatro, una de las formaciones veteranas de la capital salmantina, fundada en 2002 e integrada por Vicente Mart\u00edn, Isaac Tapia, \u00c1lvaro S\u00e1nchez y Jos\u00e9 G. S\u00e1nchez, especializados en espect\u00e1culos para p\u00fablico infantil y familiar. Su nueva obra, Bichitos, una oda a la naturaleza desde el lenguaje gestual, la ternura y el humor, tuvo su estreno en el Teatro Liceo de Salamanca el pasado mayo y se presentar\u00e1 tanto ante el p\u00fablico como ante programadores de espacios esc\u00e9nicos de toda Espa\u00f1a y Portugal. <\/p>\n<p>Ese mismo d\u00eda, Jaime Santos y Ana Luz de Andr\u00e9s, de La Chana Teatro, otra compa\u00f1\u00eda habitual de la Feria y con casi cuatro d\u00e9cadas de oficio a sus espaldas, subir\u00e1n a las tablas de la Sala Tierra Natalia, un montaje de teatro de t\u00edteres y artes del movimiento basado en el relato Talpa, de Juan Rulfo. Esta pieza sobre el remordimiento, el dolor y la esperanza en la que Santos y De Andr\u00e9s inciden en las claves de su trayectoria \u2014un marcado simbolismo, una puesta en escena sencilla, eficaz, minuciosa e inteligente y una atenci\u00f3n especial a la interpretaci\u00f3n\u2014 tendr\u00e1 dos pases, uno a las 12.30 y otro a las 17.30 horas. <\/p>\n<p>El s\u00e1bado 24 de agosto, en un marco festivo, se presentar\u00e1 el pasacalles de teatro itinerante A\u00e9reon, de ARTScreative, compa\u00f1\u00eda dirigida por Alejandro Alonso que, tambi\u00e9n en un doble pase \u2014a las 13.00 y las 22.30 horas\u2014, llenar\u00e1 de m\u00fasica y movimiento las calles mirobrigenses con una propuesta sobre un grupo de personas que, cansadas de convencionalismos, se convierten en caballos que ans\u00edan poder volar y compartir con los dem\u00e1s su reci\u00e9n conquistada libertad. <\/p>\n<p>Adem\u00e1s de la exhibici\u00f3n en vivo de espect\u00e1culos, dos compa\u00f1\u00edas con artistas emergentes de la provincia tendr\u00e1n la oportunidad de presentar y explicar sus espect\u00e1culos ante los profesionales acreditados. La salmantina Adriana Tironi, de la formaci\u00f3n Chicas y Maletas, dar\u00e1 a conocer su montaje Tengo derecho a destruirme, mientras que la mirobrigense Popy Vegas promocionar\u00e1 El pastor que hablaba con las estrellas.<br \/>\nLas empresas esc\u00e9nicas de Salamanca tambi\u00e9n jugar\u00e1n un papel destacado en esta edici\u00f3n, como es el caso Producciones 3, especializada en la distribuci\u00f3n y representante, en algunos territorios, de las compa\u00f1\u00edas catalanas Festuc Teatre y Xip Xap, referentes en la escena infantil y familiar. Precisamente, las compa\u00f1\u00edas y empresas de distribuci\u00f3n conformar el grueso de los profesionales acreditados para la Feria de Teatro. <\/p>\n<p>Adem\u00e1s, la cita mirobrigense renueva su v\u00ednculo un a\u00f1o m\u00e1s con el programa Provincia a Escena de la Diputaci\u00f3n de Salamanca, que celebra su cuarta edici\u00f3n con una nueva convocatoria del Premio Provincia a Escena, gracias al cual uno de los espect\u00e1culos para p\u00fablico infantil y familiar de la Feria de Teatro ser\u00e1 elegido por votaci\u00f3n popular de los programadores salmantinos asistentes al evento para formar parte de la programaci\u00f3n del Festival Provincia a Escena 2025.<\/p>\n<p>Las entradas para todos los espect\u00e1culos estar\u00e1n disponibles desde el d\u00eda 11 de agosto en la taquilla del Teatro Nuevo Fernando Arrabal y en la web de la Feria de Teatro.<\/p>\n<p>La Consejer\u00eda de Cultura, Turismo y Deporte organiza la XXVII Feria de Teatro de Castilla y Le\u00f3n con la colaboraci\u00f3n del Ayuntamiento de Ciudad Rodrigo, la Diputaci\u00f3n Provincial de Salamanca y la Asociaci\u00f3n Cultural Civitas \u2014como promotora y coordinadora\u2014 y con el apoyo del INAEM, la Junta de Extremadura, la Junta de Andaluc\u00eda, la Federaci\u00f3n de Aut\u00f3nomos y Empresarios de la Comarca de Ciudad Rodrigo (Afecir), COFAE y Fundos.<\/p>\n","protected":false},"excerpt":{"rendered":"<p>\u2022 Spasmo, La Chana y ARTScreative formar\u00e1n parte del cartel de esta edici\u00f3n, mientras que las formaciones emergentes [&hellip;]<\/p>\n","protected":false},"author":2,"featured_media":10733,"comment_status":"closed","ping_status":"closed","sticky":false,"template":"","format":"standard","meta":{"footnotes":""},"categories":[7,8],"tags":[101,95,12,71,87,74,69,31],"class_list":["post-10732","post","type-post","status-publish","format-standard","has-post-thumbnail","hentry","category-notas-de-prensa","category-noticias","tag-27feria","tag-alizanzas","tag-artesescenicas","tag-ayuntamientodeciudadrodrigo","tag-ciascyl","tag-diputaciondesalamanca","tag-juntadecastillayleon","tag-teatro"],"_links":{"self":[{"href":"https:\/\/feriadeteatro.com\/feria2024\/wp-json\/wp\/v2\/posts\/10732","targetHints":{"allow":["GET"]}}],"collection":[{"href":"https:\/\/feriadeteatro.com\/feria2024\/wp-json\/wp\/v2\/posts"}],"about":[{"href":"https:\/\/feriadeteatro.com\/feria2024\/wp-json\/wp\/v2\/types\/post"}],"author":[{"embeddable":true,"href":"https:\/\/feriadeteatro.com\/feria2024\/wp-json\/wp\/v2\/users\/2"}],"replies":[{"embeddable":true,"href":"https:\/\/feriadeteatro.com\/feria2024\/wp-json\/wp\/v2\/comments?post=10732"}],"version-history":[{"count":1,"href":"https:\/\/feriadeteatro.com\/feria2024\/wp-json\/wp\/v2\/posts\/10732\/revisions"}],"predecessor-version":[{"id":10734,"href":"https:\/\/feriadeteatro.com\/feria2024\/wp-json\/wp\/v2\/posts\/10732\/revisions\/10734"}],"wp:featuredmedia":[{"embeddable":true,"href":"https:\/\/feriadeteatro.com\/feria2024\/wp-json\/wp\/v2\/media\/10733"}],"wp:attachment":[{"href":"https:\/\/feriadeteatro.com\/feria2024\/wp-json\/wp\/v2\/media?parent=10732"}],"wp:term":[{"taxonomy":"category","embeddable":true,"href":"https:\/\/feriadeteatro.com\/feria2024\/wp-json\/wp\/v2\/categories?post=10732"},{"taxonomy":"post_tag","embeddable":true,"href":"https:\/\/feriadeteatro.com\/feria2024\/wp-json\/wp\/v2\/tags?post=10732"}],"curies":[{"name":"wp","href":"https:\/\/api.w.org\/{rel}","templated":true}]}}