{"id":10736,"date":"2024-08-07T12:18:04","date_gmt":"2024-08-07T11:18:04","guid":{"rendered":"https:\/\/feriadeteatro.com\/feria2024\/?p=10736"},"modified":"2024-08-07T12:18:04","modified_gmt":"2024-08-07T11:18:04","slug":"el-divierteatro-de-este-ano-sera-un-viaje-por-el-mundo-a-traves-del-teatro","status":"publish","type":"post","link":"https:\/\/feriadeteatro.com\/feria2024\/el-divierteatro-de-este-ano-sera-un-viaje-por-el-mundo-a-traves-del-teatro\/","title":{"rendered":"EL DIVIERTEATRO DE ESTE A\u00d1O SER\u00c1 UN VIAJE POR EL MUNDO A TRAV\u00c9S DEL TEATRO"},"content":{"rendered":"<p>\tLos m\u00e1s peque\u00f1os, a partir de 3 a\u00f1os, podr\u00e1n disfrutar un a\u00f1o m\u00e1s de las actividades dise\u00f1adas para el programa de animaci\u00f3n infantil Divierteatro, que se celebrar\u00e1 en las plazas del Conde y del Buen Alcalde de Ciudad Rodrigo desde el mi\u00e9rcoles 21 y hasta el s\u00e1bado 24 de agosto durante las ma\u00f1anas<\/p>\n<p> El Programa de Animaci\u00f3n Infantil Divierteatro, que cada a\u00f1o pone en marcha la Feria de Teatro de Castilla y Le\u00f3n-Ciudad Rodrigo y que supone una de sus principales se\u00f1as de identidad, esencia y alma de la cita esc\u00e9nica, invitar\u00e1 a los m\u00e1s peque\u00f1os a viajar por el mundo a trav\u00e9s de las artes esc\u00e9nicas en esta vig\u00e9sima s\u00e9ptima edici\u00f3n del encuentro en Ciudad Rodrigo.<\/p>\n<p>El programa, que responde a la preocupaci\u00f3n por promover actividades complementarias, centradas espec\u00edficamente en el campo de la animaci\u00f3n y la educaci\u00f3n en el tiempo libre, con la intenci\u00f3n de fomentar el teatro y la participaci\u00f3n en actividades culturales y comunitarias desde las edades m\u00e1s tempranas, ha dise\u00f1ado una nueva edici\u00f3n bajo el hilo conductor del teatro en las diferentes partes del mundo.<\/p>\n<p>De este modo, la Feria de Teatro acercar\u00e1 a los peque\u00f1os las disciplinas esc\u00e9nicas t\u00edpicas de otras culturas. Los ni\u00f1os y ni\u00f1as participantes tendr\u00e1n ocasi\u00f3n de aprender el vocabulario de las diferentes formas de hacer teatro, as\u00ed como de conocer las particularidades del teatro de t\u00edteres, la expresi\u00f3n corporal y la caracterizaci\u00f3n teatral en otros puntos del planeta. Los participantes viajar\u00e1n por las formas esc\u00e9nicas de arraigo europeo como la Comedia del Arte, los t\u00edteres de cachiporra o el Teatro Negro, y conocer\u00e1n la percusi\u00f3n y danza africanas, el teatro Lamb\u00e9-Lamb\u00e9 brasile\u00f1o, las sombras chinescas o las f\u00f3rmulas esc\u00e9nicas asi\u00e1ticas. <\/p>\n<p>Durante los d\u00edas 21, 22, 23 y 24 de agosto, de 10:00 a 13:00 horas, las plazas del Buen Alcalde (para ni\u00f1as y ni\u00f1os a partir de 6 a\u00f1os) y del Conde (de 3 a 6 a\u00f1os, en el espacio Palabreando) albergar\u00e1n una programaci\u00f3n articulada en talleres formativos, pl\u00e1sticos y creativos, espacios para el juego y la expresi\u00f3n, y momentos de funci\u00f3n esc\u00e9nica, generando un di\u00e1logo entre el hecho teatral y el p\u00fablico. <\/p>\n<p>Las actividades estar\u00e1n estructuradas por continentes para que los participantes puedan realizar su \u201cviaje\u201d provistos de un pasaporte. De este modo, cada vez que participen en una de las actividades conseguir\u00e1n un sello que acreditar\u00e1 que ha visitado el lugar. Este pasaporte cumple tambi\u00e9n el papel de cuaderno del espectador, dado que en \u00e9l podr\u00e1n ir anotando otras cosas relacionadas con su vivencia de la Feria de Teatro.<\/p>\n<p>Talleres de t\u00edteres de cachiporra, de palo sobre el teatro shakespereano (teatro ingl\u00e9s), de Teatro Negro de Praga o un Cluedo de la Comedia del Arte, en Europa; actividades de sombras chinescas, t\u00edteres de Vietnam, maquillaje teatral asi\u00e1tico o el Gran Juego Asia Express, en Asia; m\u00e1scaras mexicanas o lamb\u00e9-lamb\u00e9, en el continente americano y tatuajes, t\u00f3tems moais y expresi\u00f3n facial, en Ocean\u00eda. Por \u00faltimo, en las actividades asociadas a \u00c1frica, los peque\u00f1os podr\u00e1n conocer los instrumentos africanos y fabricar un sheker\u00e9, las m\u00e1scaras africanas o el maquillaje africano.<br \/>\nLa compa\u00f1\u00eda S\u00f6kol\u00e9 ritmos y experiencias (Pa\u00eds Vasco-Valladolid) ofrecer\u00e1 un taller de danza y percusi\u00f3n africanas en el que las ni\u00f1as y ni\u00f1os participantes ser\u00e1n capaces de llevar a cabo una interpretaci\u00f3n grupal de un ritmo de percusi\u00f3n tradicional de \u00c1frica del Oeste.<\/p>\n<p>Coordinado por Civitas, a trav\u00e9s de Miriam Hern\u00e1ndez Ruano y Popy Vegas,el programa Divierteatro se desarrolla gracias a medio centenar de j\u00f3venes de Ciudad Rodrigo y su entorno, que colaboran en la preparaci\u00f3n y ejecuci\u00f3n de las actividades dise\u00f1adas, asumiendo diferentes tareas como mediadores y dinamizadores culturales.  Leticia Delgado firma, un a\u00f1o m\u00e1s, la imagen gr\u00e1fica y Fernando Barrero Fonticoba el dise\u00f1o y elaboraci\u00f3n de los materiales escenogr\u00e1ficos para la ambientaci\u00f3n. Igualmente, en la preparaci\u00f3n de las actividades han participado otros profesionales mirobrigenses vinculados a la creaci\u00f3n pl\u00e1stica, esc\u00e9nica y mediaci\u00f3n cultural como son Alba Gonz\u00e1lez y Adelia Vicente. <\/p>\n<p>Su trabajo lo completan un conjunto de compa\u00f1\u00edas de artes esc\u00e9nicas que acuden invitadas al programa: Denis Rafter regresa con sus narraciones al Patio de Cerralbo, Cuentos de la cig\u00fce\u00f1a y Habichuela Cuentos acercar\u00e1 a los m\u00e1s peque\u00f1itos, de 3 a 6 a\u00f1os, diferentes formas de contar historias y de narrar con sombras, sonidos y palabras que llegar\u00e1n desde lejanos rincones del planeta en Arriba el tel\u00f3n.<\/p>\n<p>Al\u00faa Teatro, por su parte, llevar\u00e1 a la plaza del Buen Alcalde Las aventuras del Lazarillo de Tormes, una adaptaci\u00f3n para t\u00edteres de cachiporra, formato esc\u00e9nico muy arraigado en los pa\u00edses europeos que suponen una proyecci\u00f3n popular de la libertad contra la opresi\u00f3n, a trav\u00e9s de la risa. La propuesta de la compa\u00f1\u00eda salmantina es una divertida adaptaci\u00f3n para t\u00edteres de guante de en la que cobran vida para contar las travesuras y peripecias del Lazarillo. <\/p>\n<p>Desde Brasil recalar\u00e1 en Ciudad Rodrigo la compa\u00f1\u00eda Varanda Teatro con dos piezas de teatro lamb\u00e9-lamb\u00e9. La compa\u00f1\u00eda, especializada en teatro de formas animadas, presenta Historias encantadas, dos espect\u00e1culos en miniatura, de apenas 3 minutos y para un espectador, Tupi or no Tupi, de Jo\u00e3o Darte, y Guerra, de Guilherme Hernandes, a partir del Gernica de Picasso.<\/p>\n<p>Otra de las propuestas singulares de esta nueva edici\u00f3n de Divierteatro ser\u00e1 la exposici\u00f3n dinamizada Un mundo de T\u00edteres, de Tragaluz T\u00edteres, responsable del Museo de T\u00edteres de Asturias. La compa\u00f1\u00eda Tragaluz se forma a finales de 1988, a iniciativa de Joaqu\u00edn Hern\u00e1ndez, con la intenci\u00f3n de indagar nuevas formas de expresi\u00f3n teatral con t\u00edteres y poder contar historias que dejen huella. Con innumerables espect\u00e1culos, talleres y cursos de formaci\u00f3n, atesora una gran colecci\u00f3n de t\u00edteres en el Museo Taller de T\u00edteres de Siero (Asturias); parte de la cual se trasladar\u00e1 a Ciudad Rodrigo para dar una visi\u00f3n de la tradici\u00f3n de teatro de t\u00edteres en el mundo. Se mostrar\u00e1n en visitas animadas, t\u00edteres de diferentes t\u00e9cnicas y formatos de Vietnam, China, India, Birmania, Indonesia, Tanzania, Argentina, Inglaterra, etc. hasta una m\u00e1s de una veintena de pa\u00edses. <\/p>\n<p>PALABREANDO<br \/>\nComo cada a\u00f1o en el marco de la Feria de Teatro, en la Plaza del Conde se instalar\u00e1n las carpas que acogen las actividades de Palabreando, el espacio del Divierteatro destinado a los ni\u00f1os y ni\u00f1as de 3 a 6 a\u00f1os, en el que durante una hora pueden participar en distintas actividades: talleres de m\u00e1scaras mexicanas, de t\u00edteres de serpiente, de palo de lluvia o de maletas; sesiones de juegos de expresi\u00f3n y canciones. <\/p>\n<p>La entrada, como ya es habitual, es de car\u00e1cter gratuito y el acceso a los recintos de estas actividades se realizar\u00e1 de forma organizada, con espacios sectorizados para que los ni\u00f1os y ni\u00f1as puedan participar en todos ellos por un tiempo de 75 a 90 minutos, facilitando as\u00ed que el mayor n\u00famero de peque\u00f1os espectadores puedan asistir. <\/p>\n","protected":false},"excerpt":{"rendered":"<p>Los m\u00e1s peque\u00f1os, a partir de 3 a\u00f1os, podr\u00e1n disfrutar un a\u00f1o m\u00e1s de las actividades dise\u00f1adas para [&hellip;]<\/p>\n","protected":false},"author":2,"featured_media":10737,"comment_status":"closed","ping_status":"closed","sticky":false,"template":"","format":"standard","meta":{"footnotes":""},"categories":[7,8],"tags":[101,12,71,87,13,57,14,18,90],"class_list":["post-10736","post","type-post","status-publish","format-standard","has-post-thumbnail","hentry","category-notas-de-prensa","category-noticias","tag-27feria","tag-artesescenicas","tag-ayuntamientodeciudadrodrigo","tag-ciascyl","tag-companias","tag-cultura","tag-divierteatro","tag-gestioncultural-infanciayjuventud","tag-ninosyninas"],"_links":{"self":[{"href":"https:\/\/feriadeteatro.com\/feria2024\/wp-json\/wp\/v2\/posts\/10736","targetHints":{"allow":["GET"]}}],"collection":[{"href":"https:\/\/feriadeteatro.com\/feria2024\/wp-json\/wp\/v2\/posts"}],"about":[{"href":"https:\/\/feriadeteatro.com\/feria2024\/wp-json\/wp\/v2\/types\/post"}],"author":[{"embeddable":true,"href":"https:\/\/feriadeteatro.com\/feria2024\/wp-json\/wp\/v2\/users\/2"}],"replies":[{"embeddable":true,"href":"https:\/\/feriadeteatro.com\/feria2024\/wp-json\/wp\/v2\/comments?post=10736"}],"version-history":[{"count":1,"href":"https:\/\/feriadeteatro.com\/feria2024\/wp-json\/wp\/v2\/posts\/10736\/revisions"}],"predecessor-version":[{"id":10738,"href":"https:\/\/feriadeteatro.com\/feria2024\/wp-json\/wp\/v2\/posts\/10736\/revisions\/10738"}],"wp:featuredmedia":[{"embeddable":true,"href":"https:\/\/feriadeteatro.com\/feria2024\/wp-json\/wp\/v2\/media\/10737"}],"wp:attachment":[{"href":"https:\/\/feriadeteatro.com\/feria2024\/wp-json\/wp\/v2\/media?parent=10736"}],"wp:term":[{"taxonomy":"category","embeddable":true,"href":"https:\/\/feriadeteatro.com\/feria2024\/wp-json\/wp\/v2\/categories?post=10736"},{"taxonomy":"post_tag","embeddable":true,"href":"https:\/\/feriadeteatro.com\/feria2024\/wp-json\/wp\/v2\/tags?post=10736"}],"curies":[{"name":"wp","href":"https:\/\/api.w.org\/{rel}","templated":true}]}}