{"id":10858,"date":"2024-08-19T15:53:45","date_gmt":"2024-08-19T14:53:45","guid":{"rendered":"https:\/\/feriadeteatro.com\/feria2024\/?p=10858"},"modified":"2024-08-19T15:53:45","modified_gmt":"2024-08-19T14:53:45","slug":"azar-inaugura-la-xxvii-feria-de-teatro-de-castilla-y-leon-con-la-comedia-negra-escupir-al-cielo-en-una-jornada-con-estrenos-absolutos-de-ghetto-13-26-y-tupa-percusion-teatral","status":"publish","type":"post","link":"https:\/\/feriadeteatro.com\/feria2024\/azar-inaugura-la-xxvii-feria-de-teatro-de-castilla-y-leon-con-la-comedia-negra-escupir-al-cielo-en-una-jornada-con-estrenos-absolutos-de-ghetto-13-26-y-tupa-percusion-teatral\/","title":{"rendered":"Azar inaugura la XXVII Feria de Teatro de Castilla y Le\u00f3n con la comedia negra \u2018Escupir al cielo\u2019 en una jornada con estrenos absolutos de Ghetto 13-26 y Tup\u00e1 Percusi\u00f3n Teatral"},"content":{"rendered":"<p>&#8211;\tGonzalo Santonja G\u00f3mez, consejero de Cultura, Turismo y Deporte de la Junta de Castilla y Le\u00f3n, asistir\u00e1 ma\u00f1ana martes a la inauguraci\u00f3n institucional, que dar\u00e1 paso a una programaci\u00f3n con m\u00e1s de cuarenta espect\u00e1culos para todos los p\u00fablicos hasta el pr\u00f3ximo s\u00e1bado.<br \/>\n&#8211;\tMedia docena de montajes que entran en cuestiones de actualidad, como el uso de las nuevas tecnolog\u00edas y el cuidado del medio ambiente, integran la oferta del primer d\u00eda de la cita esc\u00e9nica en Ciudad Rodrigo<br \/>\n&#8211;\t256 entidades profesionales diferentes, de perfil mayoritariamente comprador, se han inscrito este a\u00f1o en la Feria<br \/>\nEl espect\u00e1culo &#8216;Escupir al cielo&#8217;, un gui\u00f1o al humor negro de la compa\u00f1\u00eda vallisoletana Azar, abrir\u00e1 ma\u00f1ana martes en el Teatro Nuevo Fernando Arrabal de Ciudad Rodrigo (18.00 horas) la 27 Feria de Teatro de Castilla y Le\u00f3n. Escrito y dirigido por Javier Esteban y protagonizado por Mercedes Asenjo y Carlos Tapia, el montaje inaugural se mueve entre la comedia y la tragedia para contar una aventura nocturna en una gasolinera. Antes de esa primera puesta en escena, el mismo espacio acoger\u00e1 la inauguraci\u00f3n institucional, en la que est\u00e1 prevista la presencia de Gonzalo Santonja, consejero de Cultura, Turismo y Deporte; adem\u00e1s del presidente de la Diputaci\u00f3n de Salamanca, Javier Iglesias; el alcalde de Ciudad Rodrigo, Marcos Iglesias, y el director de la Feria, Manuel Gonz\u00e1lez.<br \/>\nA la propuesta inicial de Azar se unir\u00e1n en la primera jornada cinco m\u00e1s, dos de ellas estrenos absolutos: &#8216;Un enemigo del pueblo&#8217;, de los tambi\u00e9n vallisoletanos  Ghetto 13-26, versi\u00f3n y adaptaci\u00f3n de su director, F\u00e9lix Fradejas, de la obra de Ibsen, que toca asuntos medioambientales siempre de actualidad (Espacio Afecir, 21.00 h), y &#8216;En la nube&#8217;, de los extreme\u00f1os Tup\u00e1 Percusi\u00f3n Teatral, un espect\u00e1culo itinerante, dirigido por su autor, Javier L\u00f3pez Oliva, que partir\u00e1 de la plaza del Conde a las 20.30 horas con su invitaci\u00f3n a cuestionar desde el humor la relaci\u00f3n con las nuevas tecnolog\u00edas.<br \/>\nCompletan el programa de ma\u00f1ana martes &#8216;La enfermedad del mal gusto&#8217;, creaci\u00f3n colectiva de Tripabajo, un montaje para j\u00f3venes y adultos programado en la Sala Tierra (19.30 h), que aborda en tono de comedia la influencia de la televisi\u00f3n y los &#8216;realitys&#8217; en los j\u00f3venes y que supone el debut de la compa\u00f1\u00eda vallisoletana en la cita mirobrigense; el espect\u00e1culo circense \u2018Glamping\u2019, de los gallegos SU.MA, que mostrar\u00e1n su relato acrob\u00e1tico en torno a la aventura vacacional de tres amigos (Jardines de Bolonia, 20.00 h), y el estreno en espa\u00f1ol de &#8216;Deadpan Karaoke&#8217;, de los tambi\u00e9n gallegos Ibuprofeno Teatro (Patio de los Sitios, 23.30 h), una creaci\u00f3n de Patricia Rodr\u00edguez y Mari\u00e1n Ba\u00f1obre interpretada por esta \u00faltima y que plantea desde el humor si es posible el amor en la sociedad actual.<br \/>\nSer\u00e1n los seis primeros de los cuarenta y un espect\u00e1culos de otras tantas compa\u00f1\u00edas y m\u00e1s de medio centenar de funciones programadas en distintos escenarios mirobrigenses hasta el s\u00e1bado 24 de agosto, una selecci\u00f3n que atiende de forma especial a la realidad esc\u00e9nica del noroeste peninsular y que permitir\u00e1 a profesionales y espectadores de todas las edades conocer producciones recientes en los campos del teatro contempor\u00e1neo, cl\u00e1sico, de calle y de sala, t\u00edteres, circo, danza y m\u00fasica, as\u00ed como trabajos que diluyen las fronteras entre g\u00e9neros. A todo ello se sumar\u00e1, a partir del mi\u00e9rcoles, Divierteatro, actividad de animaci\u00f3n para los m\u00e1s peque\u00f1os, p\u00fablico prioritario este a\u00f1o tambi\u00e9n de la programaci\u00f3n principal como destinatario de un tercio de las propuestas.<br \/>\nInicio de las actividades profesionales<br \/>\nEl primer d\u00eda de la feria supondr\u00e1 tambi\u00e9n el inicio de las actividades paralelas destinadas a los profesionales, con el taller &#8216;Capsulas de buenas pr\u00e1cticas en la distribuci\u00f3n de Artes Esc\u00e9nicas&#8217;, organizado por la Coordinadora de Ferias de Artes Esc\u00e9nicas del Estado (COFAE) e impartido por especialistas de Asociaci\u00f3n de Empresas de Distribuci\u00f3n y Gesti\u00f3n de Artes Esc\u00e9nicas (ADGAE), que desentra\u00f1ar\u00e1n las claves de este eslab\u00f3n imprescindible para hacer llegar los espect\u00e1culos al p\u00fablico.<br \/>\n256 entidades profesionales diferentes, de perfil mayoritariamente comprador, se han inscrito este a\u00f1o en la Feria, y un tercio de ellas asisten por primera vez, lo que permite cumplir el objetivo de facilitar la renovaci\u00f3n y rotaci\u00f3n de los profesionales. El 65% de los acreditados proceden de comunidades y territorios del occidente peninsular y el 9% de las entidades inscritas son de Portugal.<br \/>\nLa XXVII Feria de Teatro de Castilla y Le\u00f3n est\u00e1 organizada por la Consejer\u00eda de Cultura, Turismo y Deporte con la colaboraci\u00f3n del Ayuntamiento de Ciudad Rodrigo, la Diputaci\u00f3n Provincial de Salamanca y la Asociaci\u00f3n Cultural Civitas, adem\u00e1s del apoyo del INAEM, la Junta de Extremadura, la Junta de Andaluc\u00eda, la Federaci\u00f3n de Aut\u00f3nomos y Empresarios de la Comarca de Ciudad Rodrigo (Afecir), COFAE y Fundos.<\/p>\n<p>M\u00e1s informaci\u00f3n en:<br \/>\nwww.feriadeteatro.com<\/p>\n","protected":false},"excerpt":{"rendered":"<p>&#8211; Gonzalo Santonja G\u00f3mez, consejero de Cultura, Turismo y Deporte de la Junta de Castilla y Le\u00f3n, asistir\u00e1 [&hellip;]<\/p>\n","protected":false},"author":2,"featured_media":10859,"comment_status":"closed","ping_status":"closed","sticky":false,"template":"","format":"standard","meta":{"footnotes":""},"categories":[7,8],"tags":[101,71,65,87,74,69,24,64],"class_list":["post-10858","post","type-post","status-publish","format-standard","has-post-thumbnail","hentry","category-notas-de-prensa","category-noticias","tag-27feria","tag-ayuntamientodeciudadrodrigo","tag-castillayleon","tag-ciascyl","tag-diputaciondesalamanca","tag-juntadecastillayleon","tag-mercado","tag-profesionales"],"_links":{"self":[{"href":"https:\/\/feriadeteatro.com\/feria2024\/wp-json\/wp\/v2\/posts\/10858","targetHints":{"allow":["GET"]}}],"collection":[{"href":"https:\/\/feriadeteatro.com\/feria2024\/wp-json\/wp\/v2\/posts"}],"about":[{"href":"https:\/\/feriadeteatro.com\/feria2024\/wp-json\/wp\/v2\/types\/post"}],"author":[{"embeddable":true,"href":"https:\/\/feriadeteatro.com\/feria2024\/wp-json\/wp\/v2\/users\/2"}],"replies":[{"embeddable":true,"href":"https:\/\/feriadeteatro.com\/feria2024\/wp-json\/wp\/v2\/comments?post=10858"}],"version-history":[{"count":1,"href":"https:\/\/feriadeteatro.com\/feria2024\/wp-json\/wp\/v2\/posts\/10858\/revisions"}],"predecessor-version":[{"id":10860,"href":"https:\/\/feriadeteatro.com\/feria2024\/wp-json\/wp\/v2\/posts\/10858\/revisions\/10860"}],"wp:featuredmedia":[{"embeddable":true,"href":"https:\/\/feriadeteatro.com\/feria2024\/wp-json\/wp\/v2\/media\/10859"}],"wp:attachment":[{"href":"https:\/\/feriadeteatro.com\/feria2024\/wp-json\/wp\/v2\/media?parent=10858"}],"wp:term":[{"taxonomy":"category","embeddable":true,"href":"https:\/\/feriadeteatro.com\/feria2024\/wp-json\/wp\/v2\/categories?post=10858"},{"taxonomy":"post_tag","embeddable":true,"href":"https:\/\/feriadeteatro.com\/feria2024\/wp-json\/wp\/v2\/tags?post=10858"}],"curies":[{"name":"wp","href":"https:\/\/api.w.org\/{rel}","templated":true}]}}