{"id":10864,"date":"2024-08-20T17:24:01","date_gmt":"2024-08-20T16:24:01","guid":{"rendered":"https:\/\/feriadeteatro.com\/feria2024\/?p=10864"},"modified":"2024-08-20T17:24:01","modified_gmt":"2024-08-20T16:24:01","slug":"la-feria-de-teatro-de-castilla-y-leon-viaja-por-la-riqueza-y-diversidad-escenica-del-mundo-con-divierteatro-y-suma-13-funciones-para-todos-los-publicos","status":"publish","type":"post","link":"https:\/\/feriadeteatro.com\/feria2024\/la-feria-de-teatro-de-castilla-y-leon-viaja-por-la-riqueza-y-diversidad-escenica-del-mundo-con-divierteatro-y-suma-13-funciones-para-todos-los-publicos\/","title":{"rendered":"La Feria de Teatro de Castilla y Le\u00f3n viaja por la riqueza y diversidad esc\u00e9nica del mundo con Divierteatro y suma 13 funciones para todos los p\u00fablicos"},"content":{"rendered":"<p>&#8211;\tNao d&#8217;amores, Titiriteros de Bin\u00e9far, Verbo Producciones, Teatro del Temple, Unai Garc\u00eda Amaro, La Chana, Teatro Silfo y Spasmo dan forma al cartel de ma\u00f1ana con sus creaciones m\u00e1s recientes.<br \/>\n&#8211;\tEl programa de animaci\u00f3n infantil continuar\u00e1 hasta el s\u00e1bado con talleres, juegos y actuaciones en torno a g\u00e9neros esc\u00e9nicos de todo el mundo para ni\u00f1os a partir de 3 a\u00f1os.<br \/>\n&#8211;\tLos Premios Rosa Mar\u00eda Garc\u00eda Cano distinguen en su decimotercera convocatoria al programa \u2018Cultivando miradas\u2019, de los zamoranos Baychimo Teatro, al catedr\u00e1tico de Literatura Espa\u00f1ola de la Universidad de Salamanca Emilio de Miguel Mart\u00ednez y al circuito Camino Escena Norte<br \/>\nLa XXVII Feria de Teatro de Castilla y Le\u00f3n iniciar\u00e1 ma\u00f1ana mi\u00e9rcoles su programa de animaci\u00f3n infantil Divierteatro, una de las se\u00f1as de identidad de la cita anual en Ciudad Rodrigo en su empe\u00f1o por familiarizar a los m\u00e1s peque\u00f1os con el mundo esc\u00e9nico. A partir de las 10.00 y hasta las 13.00 horas, la plaza del Buen Alcalde recibir\u00e1 a los ni\u00f1os de 6 a 14 a\u00f1os y la plaza del Conde a los de entre 3 y 6 a\u00f1os. El hilo argumental de las distintas actividades embarcar\u00e1 a los asistentes en un viaje por el mundo a trav\u00e9s del teatro. Mientras, dentro ya de la programaci\u00f3n principal, la jornada sumar\u00e1 13 funciones de 9 espect\u00e1culos diferentes.<br \/>\nLos talleres formativos, pl\u00e1sticos y creativos, los juegos y las actuaciones que constituyen la propuesta de Divierteatro descubrir\u00e1n a los espectadores del futuro las singularidades esc\u00e9nicas de distintos pa\u00edses y continentes, con paradas en la comedia del arte, los t\u00edteres de cachiporra, el teatro negro, las sombras chinescas, el lamb\u00e9-lamb\u00e9 brasile\u00f1o o la percusi\u00f3n y danza africanas. Bajo la coordinaci\u00f3n de la asociaci\u00f3n Civitas y con sesenta j\u00f3venes mirobrigenses como mediadores y dinamizadores culturales, el programa continuar\u00e1 hasta el s\u00e1bado con el mismo horario y emplazamiento, y contar\u00e1 con actuaciones a cargo de distintas compa\u00f1\u00edas. Denis Rafter y sus &#8216;Cuentos de la cig\u00fce\u00f1a&#8217;, Habichuela Cuentos con &#8216;Arriba el tel\u00f3n&#8217;, la salmantina Teatro Al\u00faa con una versi\u00f3n de t\u00edteres de &#8216;Las aventuras del Lazarillo de Tormes&#8217;, S\u00f6kol\u00e9 entre danzas y percusiones africanas, la brasile\u00f1a Varanda Teatro y sus &#8216;Historias encajadas&#8217; y Tragaluz con la exposici\u00f3n animada &#8216;Un mundo de t\u00edteres&#8217; guiar\u00e1n el viaje por manifestaciones esc\u00e9nicas de distintas culturas. <\/p>\n<p>El programa general del d\u00eda comenzar\u00e1 con dos propuestas para ni\u00f1os a partir de 6 y 4 a\u00f1os respectivamente: el humor gestual para concienciar sobre el cuidado del medio ambiente de &#8216;Bichitos&#8217;, de Spasmo (Teatro Fernando Arrabal, 11.00 h); y &#8216;Cornelio, Nadar\u00edn y Federico&#8217;, adaptaci\u00f3n de tres cuentos Leo Lionni en la que Teatro Silfo utiliza materiales reciclados (Espacio en Rosa, 12.30 y 18.30 h). Tambi\u00e9n La Chana ofrecer\u00e1 doble funci\u00f3n de &#8216;Natalia&#8217; (Sala Tierra, 12:30 y 17:30 h), un montaje para p\u00fablico joven y adulto inspirado en un cuento de Juan Rulfo y dirigido por Jaime Santos.<br \/>\nEl palacio de los \u00c1guila, que se recupera como escenario de la Feria de Teatro gracias a la colaboraci\u00f3n de Fundos, recibir\u00e1 ma\u00f1ana mi\u00e9rcoles (18.00, 19.00 y 20.00 horas) a la compa\u00f1\u00eda de Unai Garc\u00eda Amaro con &#8216;El conserje&#8217;, un canto a la palabra y la poes\u00eda ambientado en 2035. Al mismo p\u00fablico joven y adulto se dirige la versi\u00f3n de &#8216;Bodas de sangre&#8217; de Teatro del Temple (Teatro Nuevo Fernando Arrabal, 19 h), dirigida por Carlos Mart\u00edn y que recrea el drama de amor y venganza del cl\u00e1sico de Federico Garc\u00eda Lorca.<br \/>\nLos espect\u00e1culos de calle tendr\u00e1n doble propuesta en la segunda jornada de la Feria. La plaza de Herrasti (20.00 h) recibir\u00e1 a los veteranos Titiriteros de Bin\u00e9far con su trabajo para todos los p\u00fablicos &#8216;El abrazo&#8217;, una creaci\u00f3n de Paco Paricio y Eva Paricio que se adentra en el mundo del folclore en una mojiganga que promete diversi\u00f3n para todos los p\u00fablicos. A todo ritmo desfilar\u00e1 por segunda vez, tras el pase de la jornada inaugural, &#8216;En la nube&#8217;, de Tup\u00e1 Percusi\u00f3n Teatral, que en este caso partir\u00e1 desde la plaza del Castillo a las 22.30 horas.<br \/>\nOtra formaci\u00f3n m\u00e1s que consolidada, la segoviana Nao d&#8217;amores, dirigida por la galardonada con el Premio Nacional de Teatro Ana Zamora, regresa a la cita mirobrigense (Espacio Afecir, 21.00 h) con su coproducci\u00f3n con la Compa\u00f1\u00eda Nacional de Teatro Cl\u00e1sico &#8216;El castillo de Lindabridis&#8217;, que impregna de tintes contempor\u00e1neos la trama caballeresca creada por Calder\u00f3n de la Barca. El cierre de la jornada lo pondr\u00e1 en el Patio de los Sitios (23.30 h) Verbo Producciones con &#8216;La aparici\u00f3n&#8217;, coproducci\u00f3n del Festival Internacional de Teatro Cl\u00e1sico de M\u00e9rida en la que Flori\u00e1n Recio adapta a la actualidad una comedia del autor griego Menandro, solo conservada en parte, dirigida por Paco Carrillo.<br \/>\nEntrega de los Premios Rosa Mar\u00eda Garc\u00eda Cano<br \/>\nLa tradicional entrega de los Premios Rosa Mar\u00eda Garc\u00eda Cano se celebrar\u00e1 ma\u00f1ana mi\u00e9rcoles en el palacio de los Montarco (14.15 h) dentro de las actividades paralelas profesionales. En su decimotercera convocatoria, los galardones \u2014creados en recuerdo de la fundadora y primera directora de la Feria de Teatro de Castilla y Le\u00f3n por la Asociaci\u00f3n Cultural Civitas\u2014 reconocen al programa \u2018Cultivando miradas\u2019, de los zamoranos Baychimo Teatro, como mejor iniciativa en educaci\u00f3n y artes esc\u00e9nicas para la infancia y juventud; al catedr\u00e1tico de Literatura Espa\u00f1ola de la Universidad de Salamanca Emilio de Miguel Mart\u00ednez, en la modalidad destinada a reconocer la promoci\u00f3n de la cultura teatral, y al Circuito Camino Escena Norte (de Galicia, Asturias, Cantabria, Pa\u00eds Vasco y Navarra), como mejor iniciativa vinculada al medio rural.<br \/>\nTambi\u00e9n dentro de la programaci\u00f3n para los profesionales asistentes a la Feria, tendr\u00e1 lugar en el Palacio de Montarco (16.00 h) la presentaci\u00f3n de la colaboraci\u00f3n entre COFAE y la Feira de Teatro Ib\u00e9rico de F\u00fbndao, el \u00fanico mercado de artes esc\u00e9nicas de Portugal y que despu\u00e9s de cinco ediciones mantiene un proceso de acercamiento a las ferias espa\u00f1olas a trav\u00e9s de COFAE, agrupaci\u00f3n a la que se al\u00eda la cita lusa y con la que podr\u00e1 participar de algunas de sus actividades y proyectos. Igualmente se dar\u00e1 a conocer el acuerdo de colaboraci\u00f3n firmado recientemente entre COFAE y la A Dire\u00e7\u00e3o-Geral das Artes portuguesa (DGARTES).<br \/>\nAdem\u00e1s, en el mismo escenario (16.30 h) se presentar\u00e1 el libro \u2018El dios manipulable\u2019, de Sergio Artero. El autor, integrante de la compa\u00f1\u00eda segoviana Saltatium Teatro, traza en este trabajo ensay\u00edstico un recorrido por la historia de los t\u00edteres desde una perspectiva antropol\u00f3gica, filos\u00f3fica y psicol\u00f3gica.<br \/>\nOrganizada por la Consejer\u00eda de Cultura, Turismo y Deporte, la XXVII Feria de Teatro de Castilla y Le\u00f3n cuenta con la colaboraci\u00f3n del Ayuntamiento de Ciudad Rodrigo, la Diputaci\u00f3n Provincial de Salamanca y la Asociaci\u00f3n Cultural Civitas, y con el apoyo del INAEM, la Junta de Extremadura, la Junta de Andaluc\u00eda, la Federaci\u00f3n de Aut\u00f3nomos y Empresarios de la Comarca de Ciudad Rodrigo (Afecir) y la Coordinadora de Ferias de Artes Esc\u00e9nicas (COFAE).<br \/>\nM\u00e1s informaci\u00f3n en:<br \/>\nwww.feriadeteatro.com <\/p>\n","protected":false},"excerpt":{"rendered":"<p>&#8211; Nao d&#8217;amores, Titiriteros de Bin\u00e9far, Verbo Producciones, Teatro del Temple, Unai Garc\u00eda Amaro, La Chana, Teatro Silfo [&hellip;]<\/p>\n","protected":false},"author":2,"featured_media":10865,"comment_status":"closed","ping_status":"closed","sticky":false,"template":"","format":"standard","meta":{"footnotes":""},"categories":[7,8],"tags":[],"class_list":["post-10864","post","type-post","status-publish","format-standard","has-post-thumbnail","hentry","category-notas-de-prensa","category-noticias"],"_links":{"self":[{"href":"https:\/\/feriadeteatro.com\/feria2024\/wp-json\/wp\/v2\/posts\/10864","targetHints":{"allow":["GET"]}}],"collection":[{"href":"https:\/\/feriadeteatro.com\/feria2024\/wp-json\/wp\/v2\/posts"}],"about":[{"href":"https:\/\/feriadeteatro.com\/feria2024\/wp-json\/wp\/v2\/types\/post"}],"author":[{"embeddable":true,"href":"https:\/\/feriadeteatro.com\/feria2024\/wp-json\/wp\/v2\/users\/2"}],"replies":[{"embeddable":true,"href":"https:\/\/feriadeteatro.com\/feria2024\/wp-json\/wp\/v2\/comments?post=10864"}],"version-history":[{"count":1,"href":"https:\/\/feriadeteatro.com\/feria2024\/wp-json\/wp\/v2\/posts\/10864\/revisions"}],"predecessor-version":[{"id":10866,"href":"https:\/\/feriadeteatro.com\/feria2024\/wp-json\/wp\/v2\/posts\/10864\/revisions\/10866"}],"wp:featuredmedia":[{"embeddable":true,"href":"https:\/\/feriadeteatro.com\/feria2024\/wp-json\/wp\/v2\/media\/10865"}],"wp:attachment":[{"href":"https:\/\/feriadeteatro.com\/feria2024\/wp-json\/wp\/v2\/media?parent=10864"}],"wp:term":[{"taxonomy":"category","embeddable":true,"href":"https:\/\/feriadeteatro.com\/feria2024\/wp-json\/wp\/v2\/categories?post=10864"},{"taxonomy":"post_tag","embeddable":true,"href":"https:\/\/feriadeteatro.com\/feria2024\/wp-json\/wp\/v2\/tags?post=10864"}],"curies":[{"name":"wp","href":"https:\/\/api.w.org\/{rel}","templated":true}]}}