{"id":11003,"date":"2024-08-22T11:10:39","date_gmt":"2024-08-22T10:10:39","guid":{"rendered":"https:\/\/feriadeteatro.com\/feria2024\/?p=11003"},"modified":"2024-08-22T11:10:39","modified_gmt":"2024-08-22T10:10:39","slug":"la-feria-de-teatro-de-castilla-y-leon-ofrece-en-su-tercera-jornada-cuatro-estrenos-absolutos-y-uno-en-espana","status":"publish","type":"post","link":"https:\/\/feriadeteatro.com\/feria2024\/la-feria-de-teatro-de-castilla-y-leon-ofrece-en-su-tercera-jornada-cuatro-estrenos-absolutos-y-uno-en-espana\/","title":{"rendered":"La Feria de Teatro de Castilla y Le\u00f3n ofrece en su tercera jornada cuatro estrenos absolutos y uno en Espa\u00f1a"},"content":{"rendered":"<p>&#8211;\tEl p\u00fablico infantil, especialmente mimado en esta edici\u00f3n, es el destinatario de dos de las primicias: \u2018Yo, Tarz\u00e1n\u2019, de Festuc Teatro, y \u2018El bosque de Coco\u2019, de La Buena Compa\u00f1\u00eda<br \/>\n&#8211;\tComo novedades de la jornada para espectadores j\u00f3venes y adultos llegan \u2018Hacer torrijas como acto de resistencia\u2019, de Marcos Martincano, y \u2018Mujeres y vanguardias\u2019, de Olaya Hernando &#038; Mar\u00eda San Miguel, compa\u00f1\u00edas de Castilla y Le\u00f3n que act\u00faan por primera vez en la cita mirobrigense<br \/>\n&#8211;\tLa colaboraci\u00f3n con la Feira de Teatro Ib\u00e9rico de Fund\u00e2o propicia la presentaci\u00f3n en Espa\u00f1a de la obra merecedora de su \u00faltimo Premio del P\u00fablico: \u2018Una parte de m\u00ed\u2019, coreograf\u00eda a\u00e9rea de la compa\u00f1\u00eda portuguesa O \u00daltimo Momento.<br \/>\nLa cita diaria con Divierteatro abrir\u00e1 la programaci\u00f3n de la tercera jornada de la XXVII Feria de Teatro de Castilla y Le\u00f3n, que dirige sus primeras convocatorias dentro de la programaci\u00f3n general de ma\u00f1ana jueves a los espectadores m\u00e1s j\u00f3venes. A beb\u00e9s desde los seis meses y ni\u00f1os de hasta seis a\u00f1os se dirige \u2018La selva\u2019, de Teloncillo (Espacio en Rosa, 11.00 y 18.30 horas). La pieza creada por \u00c1ngel S\u00e1nchez y Ana Isabel Gallego e interpretada por esta \u00faltima, propone un viaje por distintos continentes a la b\u00fasqueda de animales, entre poemas de Gloria Fuertes, Carlos Reviejo y Marisa Alonso Santamar\u00eda. Para p\u00fablico infantil y familiar a partir de los seis a\u00f1os ha sido concebido \u2018Yo, Tarz\u00e1n\u2019, de Festuc Teatre, que ocupar\u00e1 el escenario del Teatro Nuevo Fernando Arrabal (11.00 horas) para la \u2018premi\u00e8re\u2019 de este montaje inspirado en el relato cl\u00e1sico, que en la propuesta dirigida por Pere P\u00e0mpols invita a reflexionar sobre los v\u00ednculos.<br \/>\nEl de Festuc es el primero de los cuatro estrenos absolutos que coinciden en la programaci\u00f3n de este jueves, a los que hay que a\u00f1adir la presentaci\u00f3n en Espa\u00f1a de una de las producciones portuguesas. Las primicias continuar\u00e1n con otro trabajo para ni\u00f1os a partir de 6 a\u00f1os: \u2018El bosque de Coco\u2019, de La Buena Compa\u00f1\u00eda (Espacio Afecir, 12.30 h), en torno a un ni\u00f1o que debe afrontar la separaci\u00f3n de sus padres. Al p\u00fablico joven y adulto se dirige el tercero de los estrenos: la creaci\u00f3n de danza-teatro \u2018Hacer torrijas como acto de resistencia\u2019, del abulense debutante en la feria Marcos Martincano (Sala Tierra, 12:30 y 17:30 h), que ahonda en las ra\u00edces perdidas. La cuarta obra que se presentar\u00e1 al p\u00fablico por vez primera en Ciudad Rodrigo llegar\u00e1 de la mano de las vallisoletanas Olaya Hernando &#038; Mar\u00eda San Miguel, que tambi\u00e9n act\u00faan por primera vez en la Feria y se presentan con \u2018Mujeres y vanguardias\u2019 en el recuperado espacio de Palacio de los \u00c1guila (20.00 h) con la mezcla de m\u00fasica, dramaturgia y palabra con la que reivindican la figura de artistas injustamente arrinconadas.<br \/>\nEl repertorio de novedades de la jornada incluye tambi\u00e9n el estreno en Espa\u00f1a (plaza de Herrasti, 20.00 h) de \u2018Una parte de m\u00ed\u2019, coreograf\u00eda a\u00e9rea basada en el m\u00e1stil chino de la compa\u00f1\u00eda portuguesa O \u00daltimo Momento, creada e interpretada Jo\u00e3o Paulo Santos y merecedora del premio del P\u00fablico de la Feira de Teatro Ib\u00e9rico de Fund\u00e2o, con la que la cita mirobrigense mantiene un acuerdo de colaboraci\u00f3n e intercambio.<br \/>\nLa compa\u00f1\u00eda abulense Perigallo Teatro tendr\u00e1 funci\u00f3n vespertina en el Teatro Nuevo Fernando Arrabal (19.00 horas), con \u2018Por voluntad propia\u2019, una creaci\u00f3n firmada e interpretada por Celia Nadal y Javier Manzanera a la b\u00fasqueda de respuestas sobre el comportamiento humano no exenta de humor. Esta tercera jornada de la Feria contar\u00e1 tambi\u00e9n con la compa\u00f1\u00eda extreme\u00f1a Albadulake y su obra \u2018La torre\u2019 (Espacio Afecir, 21.00 h), una revisi\u00f3n de \u2018La vida es sue\u00f1o\u2019 de Calder\u00f3n cuyo protagonista emprende un particular viaje, a la inversa de Segismundo, dentro de su mundo virtual de plataformas y redes sociales.<br \/>\nLa oferta nocturna invita al circo en la calle, concretamente en los Jardines de Bolonia, a las 22.30 h con \u2018Fa\u00fcla\u2019, de C\u00eda. Dos en Vilo. La formaci\u00f3n valenciana rinde homenaje en este trabajo a las mujeres que abrieron camino hacia la liberaci\u00f3n y contra los l\u00edmites impuestos por la educaci\u00f3n, la familia o las normas sociales simbolizados en una jaula. El cierre de la jornada lo pondr\u00e1 en el Patio de los Sitios (23.30 h) \u2018El que tropieza y no cae\u2026\u2019, de Impromadrid Teatro, una creaci\u00f3n que se construye en directo con m\u00fasica, dibujo y actuaci\u00f3n improvisados y que gira en torno al error en un mundo que no lo tolera.<br \/>\nCitas profesionales<br \/>\nDe forma previa a los verm\u00fas teatrales que se recuperan en la Feria de este a\u00f1o, el Palacio de Montarco acoger\u00e1 ma\u00f1ana jueves (14.00 horas) la presentaci\u00f3n de compa\u00f1\u00edas andaluzas y de la asociaci\u00f3n ADEA (Asociaci\u00f3n de Distribuci\u00f3n Esc\u00e9nica de Andaluc\u00eda) dentro de la actividad espec\u00edfica para profesionales. En la misma l\u00ednea de presentaciones por comunidades para favorecer la contrataci\u00f3n y circulaci\u00f3n de espect\u00e1culos, tambi\u00e9n en Montarco, a partir de las 16.00 horas, se difundir\u00e1n proyectos de Castilla y Le\u00f3n, concretamente los de T-Naos Producciones, Elar Teatro, La Submarina, Popy Vegas y Chicas y Maletas.<br \/>\nLa XXVII Feria de Teatro de Castilla y Le\u00f3n est\u00e1 organizada por la Consejer\u00eda de Cultura, Turismo y Deporte con la colaboraci\u00f3n del Ayuntamiento de Ciudad Rodrigo, la Diputaci\u00f3n Provincial de Salamanca y la Asociaci\u00f3n Cultural Civitas, y con el apoyo del INAEM, la Junta de Extremadura, la Junta de Andaluc\u00eda, la Federaci\u00f3n de Aut\u00f3nomos y Empresarios de la Comarca de Ciudad Rodrigo (Afecir) y la Coordinadora de Ferias de Artes Esc\u00e9nicas (COFAE).<\/p>\n<p>M\u00e1s informaci\u00f3n en:<br \/>\nwww.feriadeteatro.com<\/p>\n","protected":false},"excerpt":{"rendered":"<p>&#8211; El p\u00fablico infantil, especialmente mimado en esta edici\u00f3n, es el destinatario de dos de las primicias: \u2018Yo, [&hellip;]<\/p>\n","protected":false},"author":2,"featured_media":11005,"comment_status":"closed","ping_status":"closed","sticky":false,"template":"","format":"standard","meta":{"footnotes":""},"categories":[7,8],"tags":[],"class_list":["post-11003","post","type-post","status-publish","format-standard","has-post-thumbnail","hentry","category-notas-de-prensa","category-noticias"],"_links":{"self":[{"href":"https:\/\/feriadeteatro.com\/feria2024\/wp-json\/wp\/v2\/posts\/11003","targetHints":{"allow":["GET"]}}],"collection":[{"href":"https:\/\/feriadeteatro.com\/feria2024\/wp-json\/wp\/v2\/posts"}],"about":[{"href":"https:\/\/feriadeteatro.com\/feria2024\/wp-json\/wp\/v2\/types\/post"}],"author":[{"embeddable":true,"href":"https:\/\/feriadeteatro.com\/feria2024\/wp-json\/wp\/v2\/users\/2"}],"replies":[{"embeddable":true,"href":"https:\/\/feriadeteatro.com\/feria2024\/wp-json\/wp\/v2\/comments?post=11003"}],"version-history":[{"count":1,"href":"https:\/\/feriadeteatro.com\/feria2024\/wp-json\/wp\/v2\/posts\/11003\/revisions"}],"predecessor-version":[{"id":11006,"href":"https:\/\/feriadeteatro.com\/feria2024\/wp-json\/wp\/v2\/posts\/11003\/revisions\/11006"}],"wp:featuredmedia":[{"embeddable":true,"href":"https:\/\/feriadeteatro.com\/feria2024\/wp-json\/wp\/v2\/media\/11005"}],"wp:attachment":[{"href":"https:\/\/feriadeteatro.com\/feria2024\/wp-json\/wp\/v2\/media?parent=11003"}],"wp:term":[{"taxonomy":"category","embeddable":true,"href":"https:\/\/feriadeteatro.com\/feria2024\/wp-json\/wp\/v2\/categories?post=11003"},{"taxonomy":"post_tag","embeddable":true,"href":"https:\/\/feriadeteatro.com\/feria2024\/wp-json\/wp\/v2\/tags?post=11003"}],"curies":[{"name":"wp","href":"https:\/\/api.w.org\/{rel}","templated":true}]}}