{"id":11007,"date":"2024-08-22T11:15:09","date_gmt":"2024-08-22T10:15:09","guid":{"rendered":"https:\/\/feriadeteatro.com\/feria2024\/?p=11007"},"modified":"2024-08-22T11:15:09","modified_gmt":"2024-08-22T10:15:09","slug":"la-xxvii-feria-de-teatro-de-castilla-y-leon-reserva-para-su-penultima-jornada-cuatro-estrenos-absolutos-dirigidos-a-todo-tipo-de-publicos","status":"publish","type":"post","link":"https:\/\/feriadeteatro.com\/feria2024\/la-xxvii-feria-de-teatro-de-castilla-y-leon-reserva-para-su-penultima-jornada-cuatro-estrenos-absolutos-dirigidos-a-todo-tipo-de-publicos\/","title":{"rendered":"La XXVII Feria de Teatro de Castilla y Le\u00f3n reserva para su pen\u00faltima jornada cuatro estrenos absolutos dirigidos a todo tipo de p\u00fablicos"},"content":{"rendered":"<p>&#8211;\t\u2018\u00a1Soy salvaje!\u2019, de La Maquin\u00e9; \u2018C\u00f3mo me convert\u00ed en \u00e1rbol\u2019, de Producciones Glauka, \u2018Ibiza 80\u2019\u2019, de F\u00e9lix Albo, y \u2018Xpectro\u2019, de Zen del Sur coincidir\u00e1n en su presentaci\u00f3n al p\u00fablico ma\u00f1ana viernes.<br \/>\n&#8211;\tLa programaci\u00f3n del d\u00eda comenzar\u00e1 con otra novedad, el estreno en Espa\u00f1a de \u2018Formosc\u00f3pio\u2019, de la compa\u00f1\u00eda portuguesa A Bolha.<\/p>\n<p>La pen\u00faltima jornada de la Feria de Teatro de Castilla y Le\u00f3n a\u00fan reserva a los espectadores cuatro estrenos absolutos de las doce primicias de ese tipo que han formado parte de la programaci\u00f3n. Todos los p\u00fablicos tendr\u00e1n sus \u2018premi\u00e8res\u2019: los ni\u00f1os a partir de cinco a\u00f1os a los que se dirige \u2018\u00a1Soy salvaje!\u2019, de La Maquin\u00e9; los j\u00f3venes y adultos, destinatarios de \u2018C\u00f3mo me convert\u00ed en \u00e1rbol\u2019, de Producciones Glauka, e \u2018Ibiza 80\u2019\u2019, de F\u00e9lix Albo; y espectadores de todas las edades, para los que se ha concebido \u2018Xpectro\u2019, de Zen del Sur.<br \/>\nEl cartel del d\u00eda comenzar\u00e1 con otra novedad, el estreno en Espa\u00f1a de \u2018Formosc\u00f3pio\u2019, de la compa\u00f1\u00eda portuguesa A Bolha (Espacio en Rosa, 11.00 horas, con segundo pase a las 18.30), espect\u00e1culo para peque\u00f1os de 2 a 5 a\u00f1os en el que dos actores manipulan formas geom\u00e9tricas entre juegos y bailes. El Teatro Nuevo Fernando Arrabal (11.00 horas) acoger\u00e1 el primer estreno absoluto del d\u00eda, \u2018\u00a1Soy salvaje!\u2019, con el que la compa\u00f1\u00eda andaluza La Maquin\u00e9 lanza un mensaje en defensa del planeta bajo la direcci\u00f3n de Joaqu\u00edn Casanova y Elisa Ramos. Tambi\u00e9n para ni\u00f1os, a partir de seis a\u00f1os en este caso, est\u00e1 pensado \u2018Un hilo me liga a vos\u2019, de La Tartana Teatro (Espacio Afecir, 12.30 horas), una creaci\u00f3n con t\u00edteres y m\u00fasica en directo en que la compa\u00f1\u00eda madrile\u00f1a recrea mitos griegos a partir de un libro de poemas de Beatriz Gim\u00e9nez de Ory.<br \/>\nLa programaci\u00f3n matinal de este viernes se completa con \u2018C\u00f3mo me convert\u00ed en \u00e1rbol\u2019, una propuesta de Producciones Glauka para p\u00fablico joven y adulto que tendr\u00e1 su estreno absoluto en la Sala Tierra, a las 12.30, y un segundo pase en el mismo escenario, a las 17.30 horas. Carlos \u00c1lvarez Ossorio reinterpreta el mito de Apolo y Daphne en esta obra de la compa\u00f1\u00eda madrile\u00f1a que habla de la relaci\u00f3n con la naturaleza o el sentimiento de posesi\u00f3n.<br \/>\nLa oferta vespertina de ma\u00f1ana incluye las dos primicias restantes de la jornada: \u2018Xpectro\u2019 (Teatro Nuevo Fernando Arrabal, 19.00 horas), espect\u00e1culo en el que los andaluces Zen del Sur conjugan el nuevo circo y la danza para entrar en el terreno de las emociones y de la diversidad; e \u2018Ibiza 80\u2019, de F\u00e9lix Albo (Patio de los Sitios, 23.30 h), un viaje a la ni\u00f1ez entre la realidad y la fantas\u00eda con el que su director e int\u00e9rprete celebra tres d\u00e9cadas sobre los escenarios.<br \/>\nEl programa ofrece, tras un primer pase el d\u00eda anterior, otra oportunidad de asistir a la coreograf\u00eda a\u00e9rea para todos los p\u00fablicos \u2018\u2018Una parte de m\u00ed\u2019, de la compa\u00f1\u00eda portuguesa O \u00daltimo Momento (plaza de Herrasti, 20.00 h). Adem\u00e1s, habr\u00e1 otro trabajo de sala: \u2018La lengua incompleta\u2019, de La Familia Pol\u00edtica (Espacio Afecir, 21.00 h), un encuentro entre una madre y una hija basado en un texto de Guadalupe S\u00e1ez y dirigido por Kika Garcel\u00e1n; y uno de calle: \u2018Correllums\u2019, espect\u00e1culo itinerante de M\u00facab Dans que partir\u00e1 de la plaza del Castillo (22.30 horas) con su revisi\u00f3n l\u00fadica de determinadas tradiciones catalanas, como los \u2018balles de diables\u2019 y \u2018correfocs\u2019, que forman parte de un montaje muy participativo y que se ajusta al objetivo de la Feria de mostrar la riqueza patrimonial de Ciudad Rodrigo.<br \/>\nPrograma para profesionales<br \/>\nLa actividad reservada a los profesionales acreditados incluye este viernes el encuentro de trabajo \u2018Caminos de encuentro, que organiza la Asociaci\u00f3n de Empresas de Artes Esc\u00e9nicas de Castilla y Le\u00f3n (Artesa). A partir de las 10.00 horas, en el Espacio i, se desarrollar\u00e1 la primera toma de contacto de una iniciativa que se propone \u00abexplorar posibilidades de colaboraci\u00f3n, compartir inquietudes y conversar sobre preocupaciones comunes de las compa\u00f1\u00edas profesionales de artes esc\u00e9nicas del occidente peninsular\u00bb, as\u00ed como proponer ideas inspiradas \u00aben la riqueza hist\u00f3rica y cultural de la Ruta de la Plata y del Camino de Santiago\u00bb.<br \/>\nTambi\u00e9n se dar\u00e1n a conocer entre los profesionales la plataforma abierta y multidisciplinar Mujeres Artistas Profesionales de Valladolid (M.A.P.V.A.), constituida como red de apoyo y colaboraci\u00f3n con especial atenci\u00f3n a las artes esc\u00e9nicas (Hotel Conde Rodrigo II (14.00 h).<br \/>\nLa XXVII Feria de Teatro de Castilla y Le\u00f3n est\u00e1 organizada por la Consejer\u00eda de Cultura, Turismo y Deporte con la colaboraci\u00f3n del Ayuntamiento de Ciudad Rodrigo, la Diputaci\u00f3n Provincial de Salamanca y la Asociaci\u00f3n Cultural Civitas, y con el apoyo del INAEM, la Junta de Extremadura, la Junta de Andaluc\u00eda, la Federaci\u00f3n de Aut\u00f3nomos y Empresarios de la Comarca de Ciudad Rodrigo (Afecir) y la Coordinadora de Ferias de Artes Esc\u00e9nicas (COFAE).<\/p>\n<p>M\u00e1s informaci\u00f3n en:<br \/>\nwww.feriadeteatro.com <\/p>\n","protected":false},"excerpt":{"rendered":"<p>&#8211; \u2018\u00a1Soy salvaje!\u2019, de La Maquin\u00e9; \u2018C\u00f3mo me convert\u00ed en \u00e1rbol\u2019, de Producciones Glauka, \u2018Ibiza 80\u2019\u2019, de F\u00e9lix [&hellip;]<\/p>\n","protected":false},"author":2,"featured_media":11008,"comment_status":"closed","ping_status":"closed","sticky":false,"template":"","format":"standard","meta":{"footnotes":""},"categories":[7,8],"tags":[],"class_list":["post-11007","post","type-post","status-publish","format-standard","has-post-thumbnail","hentry","category-notas-de-prensa","category-noticias"],"_links":{"self":[{"href":"https:\/\/feriadeteatro.com\/feria2024\/wp-json\/wp\/v2\/posts\/11007","targetHints":{"allow":["GET"]}}],"collection":[{"href":"https:\/\/feriadeteatro.com\/feria2024\/wp-json\/wp\/v2\/posts"}],"about":[{"href":"https:\/\/feriadeteatro.com\/feria2024\/wp-json\/wp\/v2\/types\/post"}],"author":[{"embeddable":true,"href":"https:\/\/feriadeteatro.com\/feria2024\/wp-json\/wp\/v2\/users\/2"}],"replies":[{"embeddable":true,"href":"https:\/\/feriadeteatro.com\/feria2024\/wp-json\/wp\/v2\/comments?post=11007"}],"version-history":[{"count":1,"href":"https:\/\/feriadeteatro.com\/feria2024\/wp-json\/wp\/v2\/posts\/11007\/revisions"}],"predecessor-version":[{"id":11009,"href":"https:\/\/feriadeteatro.com\/feria2024\/wp-json\/wp\/v2\/posts\/11007\/revisions\/11009"}],"wp:featuredmedia":[{"embeddable":true,"href":"https:\/\/feriadeteatro.com\/feria2024\/wp-json\/wp\/v2\/media\/11008"}],"wp:attachment":[{"href":"https:\/\/feriadeteatro.com\/feria2024\/wp-json\/wp\/v2\/media?parent=11007"}],"wp:term":[{"taxonomy":"category","embeddable":true,"href":"https:\/\/feriadeteatro.com\/feria2024\/wp-json\/wp\/v2\/categories?post=11007"},{"taxonomy":"post_tag","embeddable":true,"href":"https:\/\/feriadeteatro.com\/feria2024\/wp-json\/wp\/v2\/tags?post=11007"}],"curies":[{"name":"wp","href":"https:\/\/api.w.org\/{rel}","templated":true}]}}