{"id":11169,"date":"2024-08-23T10:30:15","date_gmt":"2024-08-23T09:30:15","guid":{"rendered":"https:\/\/feriadeteatro.com\/feria2024\/?p=11169"},"modified":"2024-08-23T10:30:15","modified_gmt":"2024-08-23T09:30:15","slug":"la-xxvii-feria-de-teatro-de-castilla-y-leon-se-despide-del-publico-con-una-docena-de-funciones-entre-clasicos-contemporaneos-y-titeres","status":"publish","type":"post","link":"https:\/\/feriadeteatro.com\/feria2024\/la-xxvii-feria-de-teatro-de-castilla-y-leon-se-despide-del-publico-con-una-docena-de-funciones-entre-clasicos-contemporaneos-y-titeres\/","title":{"rendered":"La XXVII Feria de Teatro de Castilla y Le\u00f3n se despide del p\u00fablico con una docena de funciones entre cl\u00e1sicos, contempor\u00e1neos y t\u00edteres"},"content":{"rendered":"<p>&#8211;\tLa \u00faltima jornada contar\u00e1 con dos estrenos absolutos m\u00e1s: \u2018La maja robada (o El museo de los cuadros vac\u00edos)\u2019, de Valquiria Teatro, y la propuesta musical \u2018Todos los esp\u00edritus santos\u2019, del Tr\u00edo Caracol.<br \/>\n&#8211;\tMa\u00f1ana s\u00e1bado se entregar\u00e1n los Premios del P\u00fablico de la Feria del pasado a\u00f1o, que convoca la Asociaci\u00f3n Amigos del Teatro de Ciudad Rodrigo, y los de Provincia a Escena, impulsados por la Diputaci\u00f3n de Salamanca.<br \/>\nLas \u00faltimas sesiones de Divierteatro, que ha dado la vuelta al mundo a trav\u00e9s de la riqueza y diversidad de manifestaciones esc\u00e9nicas, junto con una docena de funciones de nueve espect\u00e1culos configuran la oferta con la que se despide la XXVII Feria de Teatro de Castilla y Le\u00f3n. La \u00faltima jornada del encuentro esc\u00e9nico en Ciudad Rodrigo dar\u00e1 comienzo con el programa de animaci\u00f3n para ni\u00f1os en la plaza del Buen Alcalde a partir de las 10.00. Una hora m\u00e1s tarde (11.00), con un segundo pase a las 18.30, los espectadores a partir de los tres a\u00f1os tendr\u00e1n una alternativa en el Espacio de Rosa, con el estreno en Espa\u00f1a y en espa\u00f1ol de \u2018El oso que no era\u2019. La compa\u00f1\u00eda portuguesa de M\u00e1rcia Leite recrea en esa obra con t\u00edteres un cuento original de Frank Tashlin que reclama la vuelta a la naturaleza frente al consumismo. Tambi\u00e9n a las 11.00 h, el p\u00fablico infantil, desde los cinco a\u00f1os, est\u00e1 convocado en el Teatro Nuevo Fernando Arrabal para un segundo estreno en castellano: \u2018S\u00e9 tortuga\u2019, donde los catalanes de Xip Xap recurren igualmente a los t\u00edteres para adaptar un texto de Agust\u00edn S\u00e1nchez Aguilar sobre el que se construye una f\u00e1bula en torno a la importancia de disfrutar de las cosas sin prisas.<br \/>\nA espectadores de m\u00e1s de seis a\u00f1os va dirigido un tercer montaje de t\u00edteres, \u2018La isla del tesoro\u2019, de los extreme\u00f1os Panduro Producciones, a partir de la recreaci\u00f3n realizada por Juan Ram\u00f3n Santos del cl\u00e1sico de Robert Louis Stevenson (Espacio Afecir, 12.30). A esa misma hora, en la Sala Tierra y con un segundo pase a las 17.30, tendr\u00e1 lugar el primero de los dos estrenos absolutos de la \u00faltima jornada de la Feria: \u2018La maja robada (o El museo de los cuadros vac\u00edos)\u2019, montaje en el que las vallisoletanas de Valquiria Teatro llevan a escena un texto de Jes\u00fas Torres para el p\u00fablico joven y adulto que, entre la comedia y el drama, sigue las peripecias de dos mujeres dispuestas a desvalijar el Museo del Prado. Otra compa\u00f1\u00eda de Castilla y Le\u00f3n ARTScreative se presenta por primera vez en la cita mirobrigense con \u2018A\u00e9reon\u2019, un pasacalles programado a las 13.00 y 22.30 h, con salida en la plaza del Castillo, en el que unos grandes caballos se convierten en s\u00edmbolo de la libertad.<br \/>\nDe vuelta a los cl\u00e1sicos, la veterana compa\u00f1\u00eda vallisoletana Teatro Corsario protagonizar\u00e1 la sesi\u00f3n vespertina del Teatro Nuevo Fernando Arrabal (19.00 horas) con \u2018El alcalde de Zalamea\u2019, versi\u00f3n del director Jes\u00fas Pe\u00f1a de la obra de Calder\u00f3n que invita a reflexionar sobre asuntos como el abuso, la violaci\u00f3n o el honor a trav\u00e9s de los tiempos.<br \/>\nLa colaboraci\u00f3n con el Festival ARCA de Aguilar de Campoo llevar\u00e1 a los Jardines de Bolonia (20.00 horas) una propuesta circense llegada desde Baleares: \u2018Poi\u2019, de C\u00eda. D\u2019s Tro, espect\u00e1culo para todos los p\u00fablicos que despliega un sorprendente y extenso repertorio de acrobacias con peonzas. La variedad de g\u00e9neros de la jornada de ma\u00f1ana s\u00e1bado continuar\u00e1 con el \u00faltimo de los estrenos absolutos programados: \u2018Todos los esp\u00edritus santos\u2019, propuesta de los vallisoletanos del Tr\u00edo Caracol, que recurre una vez m\u00e1s a la copla y a la m\u00fasica en directo para componer lo que denominan una \u00abopereta-cabaret de c\u00e1mara contempor\u00e1nea\u00bb sobre migraciones, territorio e identidad (Espacio Afecir, 21.00 horas).<br \/>\nEl cierre de esta XXVII Feria de Teatro de Castilla y Le\u00f3n recordar\u00e1 la vertiente internacional de la cita esc\u00e9nica de Ciudad Rodrigo con Companhia do Chapit\u00f4 y su \u2018Julio C\u00e9sar\u2019, creaci\u00f3n de la formaci\u00f3n portuguesa que plantea si el emperador romano fue el \u00abtirano que merec\u00eda morir\u00bb o \u00abun h\u00e9roe brutalmente asesinado por conspiradores\u00bb. El particular sello de los lusos, bien conocido en la cita mirobrigense, despedir\u00e1 la edici\u00f3n el Patio de los Sitios (23.30 horas).<\/p>\n<p>Premios del P\u00fablico y Provincia a Escena<br \/>\nLa jornada final acoger\u00e1 una doble entrega de premios, los del P\u00fablico de la Feria del pasado a\u00f1o, que convoca la Asociaci\u00f3n Amigos del Teatro de Ciudad Rodrigo, y los de Provincia a Escena, impulsados por la Diputaci\u00f3n de Salamanca, en un acto que tendr\u00e1 lugar en el Espacio Afecir (21.00 h), momentos antes de la actuaci\u00f3n del Tr\u00edo Caracol.<br \/>\nMarcel Gross por \u2018Mi peque\u00f1o universo\u2019, en el apartado de Mejor espect\u00e1culo para p\u00fablico infantil y familiar; L\u2019Om-Impreb\u00eds por \u2018Hoy no estrenamos\u2019, votado como Mejor espect\u00e1culo de sala para p\u00fablico joven y adulto, y David Vento Dance Theater por \u2018De neanderthal a sapiens\u2019, considerado por los espectadores Mejor espect\u00e1culo de artes de calle, recibir\u00e1n los reconocimientos del p\u00fablico. Por otra parte, los responsables de programaci\u00f3n de los teatros salmantinos eligieron en la 26 Feria de Teatro \u2018El cielo de Sefarad\u2019, de Claroscuro Teatro, que al recibir el Premio Provincia a Escena realizar\u00e1n tres funciones en municipios charros el pr\u00f3ximo mes de octubre.<br \/>\nLa Feria de Teatro de Castilla y Le\u00f3n est\u00e1 organizada por la Consejer\u00eda de Cultura, Turismo y Deporte con la colaboraci\u00f3n del Ayuntamiento mirobrigense, la Diputaci\u00f3n Provincial de Salamanca y la Asociaci\u00f3n Cultural Civitas, y el apoyo del INAEM, la Junta de Extremadura, la Junta de Andaluc\u00eda, la Federaci\u00f3n de Aut\u00f3nomos y Empresarios de la Comarca de Ciudad Rodrigo (Afecir) y la Coordinadora de Ferias de Artes Esc\u00e9nicas (COFAE).<\/p>\n<p>M\u00e1s informaci\u00f3n en:<br \/>\nwww.feriadeteatro.com <\/p>\n","protected":false},"excerpt":{"rendered":"<p>&#8211; La \u00faltima jornada contar\u00e1 con dos estrenos absolutos m\u00e1s: \u2018La maja robada (o El museo de los [&hellip;]<\/p>\n","protected":false},"author":2,"featured_media":11170,"comment_status":"closed","ping_status":"closed","sticky":false,"template":"","format":"standard","meta":{"footnotes":""},"categories":[7,8],"tags":[],"class_list":["post-11169","post","type-post","status-publish","format-standard","has-post-thumbnail","hentry","category-notas-de-prensa","category-noticias"],"_links":{"self":[{"href":"https:\/\/feriadeteatro.com\/feria2024\/wp-json\/wp\/v2\/posts\/11169","targetHints":{"allow":["GET"]}}],"collection":[{"href":"https:\/\/feriadeteatro.com\/feria2024\/wp-json\/wp\/v2\/posts"}],"about":[{"href":"https:\/\/feriadeteatro.com\/feria2024\/wp-json\/wp\/v2\/types\/post"}],"author":[{"embeddable":true,"href":"https:\/\/feriadeteatro.com\/feria2024\/wp-json\/wp\/v2\/users\/2"}],"replies":[{"embeddable":true,"href":"https:\/\/feriadeteatro.com\/feria2024\/wp-json\/wp\/v2\/comments?post=11169"}],"version-history":[{"count":1,"href":"https:\/\/feriadeteatro.com\/feria2024\/wp-json\/wp\/v2\/posts\/11169\/revisions"}],"predecessor-version":[{"id":11171,"href":"https:\/\/feriadeteatro.com\/feria2024\/wp-json\/wp\/v2\/posts\/11169\/revisions\/11171"}],"wp:featuredmedia":[{"embeddable":true,"href":"https:\/\/feriadeteatro.com\/feria2024\/wp-json\/wp\/v2\/media\/11170"}],"wp:attachment":[{"href":"https:\/\/feriadeteatro.com\/feria2024\/wp-json\/wp\/v2\/media?parent=11169"}],"wp:term":[{"taxonomy":"category","embeddable":true,"href":"https:\/\/feriadeteatro.com\/feria2024\/wp-json\/wp\/v2\/categories?post=11169"},{"taxonomy":"post_tag","embeddable":true,"href":"https:\/\/feriadeteatro.com\/feria2024\/wp-json\/wp\/v2\/tags?post=11169"}],"curies":[{"name":"wp","href":"https:\/\/api.w.org\/{rel}","templated":true}]}}