{"id":9378,"date":"2023-08-22T16:44:21","date_gmt":"2023-08-22T16:44:21","guid":{"rendered":"https:\/\/feriadeteatro.com\/feria2024\/?p=9378"},"modified":"2023-08-22T16:44:21","modified_gmt":"2023-08-22T16:44:21","slug":"la-segunda-jornada-de-la-26a-feria-de-teatro-de-castilla-y-leon-ofrece-cinco-estrenos-absolutos-y-el-inicio-del-programa-de-animacion-infantil-divierteatro","status":"publish","type":"post","link":"https:\/\/feriadeteatro.com\/feria2024\/la-segunda-jornada-de-la-26a-feria-de-teatro-de-castilla-y-leon-ofrece-cinco-estrenos-absolutos-y-el-inicio-del-programa-de-animacion-infantil-divierteatro\/","title":{"rendered":"La segunda jornada de la 26\u00aa Feria de Teatro de Castilla y Le\u00f3n ofrece cinco estrenos absolutos y el inicio del programa de animaci\u00f3n infantil Divierteatro"},"content":{"rendered":"<p>La segunda jornada de la 26\u00aa Feria de Teatro de Castilla y Le\u00f3n ofrece cinco estrenos absolutos y el inicio del programa de animaci\u00f3n infantil Divierteatro<br \/>\nQuince funciones de diez espect\u00e1culos diferentes para todo tipo de p\u00fablicos se suceder\u00e1n en el programa de ma\u00f1ana mi\u00e9rcoles en la cita esc\u00e9nica de Ciudad Rodrigo. La Feria, inaugurada en la tarde de hoy, acoger\u00e1 en su segunda jornada la presentaci\u00f3n ante los espectadores de las nuevas propuestas de Baychimo, El Mono Habitado, Teatro del Navegante, Ni\u00f1as Malditas y Brama Teatro. El Divierteatro sumar\u00e1 a sus actividades habituales representaciones de t\u00edteres a cargo de las compa\u00f1\u00edas portuguesas Teatro Invis\u00edvel y Troupe Fandanga\/Circolando, que estrenar\u00e1n sus espect\u00e1culos en espa\u00f1ol.<br \/>\nEl estreno absoluto de &#8216;Retorno a Celama&#8217;, de Teatro Corsario, ha inaugurado esta tarde la 26 Feria de Teatro de Castilla y Le\u00f3n, tras el acto oficial de apertura celebrado en el Palacio de Montarco en el que han participado el vicepresidente de la Junta de Castilla y Le\u00f3n, Juan Garc\u00eda-Gallardo; el consejero de Cultura, Turismo y Deporte, Gonzalo Santonja; el presidente de Diputaci\u00f3n Provincial de Salamanca, Javier Iglesias; el alcalde de Ciudad Rodrigo, Marcos Iglesias, y el director de la Feria de Teatro, Manuel Gonz\u00e1lez.<br \/>\nLa programaci\u00f3n de la segunda jornada comenzar\u00e1 con un estreno absoluto para ni\u00f1os a partir de siete a\u00f1os: &#8216;El \u00e1rbol rojo&#8217;, de los zamoranos de Baychimo (Teatro Nuevo Fernando Arrabal, 11.00 h), un montaje de t\u00edteres con m\u00fasica en directo en torno a la esperanza con dramaturgia de Paloma Leal y direcci\u00f3n de John Cornwell. Al p\u00fablico adulto se dirige la segunda primicia del d\u00eda, &#8216;\u00a1Guapa!&#8217;, de los vascos El Mono Habitado (Sala Tierra, 12.30 y 17.30 h), un espect\u00e1culo inspirado en las criaturas monstruosas que serv\u00edan de reclamo en las barracas de feria hace m\u00e1s de un siglo y que invita a reflexionar sobre la belleza a partir de un texto de Ra\u00fal Camino.<br \/>\nPara el programa vespertino se reservan adem\u00e1s otros tres estrenos de compa\u00f1\u00edas de Castilla y Le\u00f3n. &#8216;Cuerda&#8217;, de Teatro del Navegante (Teatro Nuevo Fernando Arrabal, 19.00), se sumerge en el duelo de una mujer que acaba de perder a su marido, con texto e interpretaci\u00f3n de B\u00e9atrice Fulconis y Xiqui Rodr\u00edguez, que dirige tambi\u00e9n este montaje para j\u00f3venes y adultos. Tambi\u00e9n se presenta ante los espectadores &#8216;Brillante, droga&#8217;, del Colectivo de circo contempor\u00e1neo Ni\u00f1as Malditas, un espect\u00e1culo para todos los p\u00fablicos que buscar llamar la atenci\u00f3n sobre la dependencia de los dispositivos m\u00f3viles y sus consecuencias (Parque de La Florida, 20.00 horas). La relaci\u00f3n de novedades se completar\u00e1 con &#8216;Viudas alegres&#8217;, de Brama Teatro, espect\u00e1culo de calle itinerante por el centro de la ciudad (Plaza Mayor y calles peatonales adyacentes, 20.00 horas) dirigido por Cristina Izquierdo, destinado a espectadores de todas las edades y con un formato \u00edntimo de teatro de cercan\u00eda.<br \/>\nLa programaci\u00f3n de ma\u00f1ana incluye tambi\u00e9n otro espect\u00e1culo de peque\u00f1o formato a cargo de la compa\u00f1\u00eda c\u00e1ntabra Ruido Interno. Su &#8216;Cervantes, encantado&#8217;, que tendr\u00e1 tres pases para 25 personas (sal\u00f3n de actos Misioneras-Santa Teresa, 12.30, 18.00 y 19.30 h), combina el trabajo de un actor con la realidad virtual para llevar a los espectadores al Siglo de Oro y a la obra del autor aludido en el t\u00edtulo. Al mismo periodo hist\u00f3rico remite la coproducci\u00f3n de Calema, Territorio Violeta y Es.Arte, &#8216;Que mujer prodigio soy&#8217;, otra propuesta de la escena castellana y leonesa que, como reza su subt\u00edtulo (&#8216;Dramaturgas de Oro&#8217;), reivindica a autoras \u00e1ureas como Ana Caro de Malle\u0301n, Mar\u00eda de Zayas y Sor Juana Ine\u0301s de la Cruz (Espacio Afecir, 21.00).<br \/>\nLa presencia de Portugal, una de las se\u00f1as de identidad de la Feria, cristaliza en el programa del d\u00eda con otro trabajo vinculado a otros cl\u00e1sicos. La Companhia do Chapit\u00f4 interpretar\u00e1 su &#8216;Ant\u00edgona (3 x 3,5)&#8217;, con la que cierra una trilog\u00eda sobre la tragedia griega en una creaci\u00f3n colectiva y con su particular sello rompedor. La funci\u00f3n tendr\u00e1 lugar en el Patio de los Sitios (23.00 horas), donde estaba prevista la representaci\u00f3n de su &#8216;Julio C\u00e9sar&#8217;, a la que la formaci\u00f3n lusa ha tenido que renunciar por indisposici\u00f3n de uno de sus int\u00e9rpretes.<br \/>\nAdem\u00e1s, repiten en el programa dos espect\u00e1culos estrenados en la jornada inaugural: &#8216;De neanderthal a sapiens&#8217;, de David Vento Dance Theater (plaza de Herrasti, 22.30 h); y &#8216;Los secretos de la piedra&#8217;, de Al\u00faa Teatro (Espacio Siega Verde, biblioteca Escuela Hogar Los Sitios, 13.00, 18.00 y 19.30 h).<br \/>\nDivierteatro y Premios Rosa Mar\u00eda Cano<br \/>\nDesde ma\u00f1ana y hasta el s\u00e1bado 26 de agosto, la asociaci\u00f3n Civitas celebrar\u00e1 una nueva edici\u00f3n del programa de animaci\u00f3n infantil Divierteatro, dedicado este a\u00f1o a la dramaturgia,  en cuyo desarrollo se implican 65 j\u00f3venes de Ciudad Rodrigo y su entorno. Cada d\u00eda, de 10.00 a 13.00 horas, la plaza del Buen Alcalde recibir\u00e1 a ni\u00f1as y ni\u00f1os a partir de 6 a\u00f1os, y la plaza del Conde a los m\u00e1s peque\u00f1os, de 3 a 6 a\u00f1os, en el espacio denominado Palabreando.<br \/>\nEn el primero de esos escenarios, dividido en tres zonas, se suceder\u00e1n juegos de conocimiento, expresi\u00f3n, experimentaci\u00f3n y diversi\u00f3n, actuaciones de peque\u00f1o formato (a cargo de Denis Rafter y Mago Oski), y talleres pl\u00e1sticos y de animaci\u00f3n. Adem\u00e1s actuar\u00e1n las compa\u00f1\u00edas portuguesas Teatro Invis\u00edvel y Troupe Fandanga\/Circolando con sendos espect\u00e1culos de t\u00edteres que estrenar\u00e1n en espa\u00f1ol: &#8216;O Pai que se torno M\u00e2e (&#8216;El padre que se convirti\u00f3 en madre&#8217;) y &#8216;Ai de Mim, ai do Eu&#8230;&#8217; (&#8216;Ay de m\u00ed&#8217;). Las actividades de la plaza del Conde incluir\u00e1n juegos y canciones de animaci\u00f3n, talleres pl\u00e1sticos, maquillaje y cuentacuentos.<br \/>\nDentro de las actividades paralelas, ma\u00f1ana tendr\u00e1 lugar la entrega de los Premios Rosa Mar\u00eda Garc\u00eda Cano 2023 (Palacio de Montarco, 14.15 horas), que reconocen a profesionales de diferentes \u00e1mbitos de la cultura y las artes esc\u00e9nicas al tiempo que rinden homenaje a la que fuera  fundadora y directora de la Feria de Teatro de Castilla y Le\u00f3n. En esta duod\u00e9cima edici\u00f3n los galardones han reca\u00eddo en la Casa Educativa da Marioneta de Teatro y Marionetas de Mandr\u00e1gora (Gondomar, Portugal) en la categor\u00eda de Mejor iniciativa en educaci\u00f3n y artes esc\u00e9nicas para la infancia y juventud; en el Teatro de Las Esquinas de Zaragoza, en la modalidad de Trayectoria en gesti\u00f3n cultural, y en el Centro de Gesti\u00f3n de Recursos Esc\u00e9nicos La Nave del Duende, de Casar de C\u00e1ceres, en el apartado de Iniciativas esc\u00e9nicas vinculadas al mundo rural.<br \/>\nLa Consejer\u00eda de Cultura, Turismo y Deporte organiza la XXVI Feria de Teatro de Castilla y Le\u00f3n con la colaboraci\u00f3n del Ayuntamiento de Ciudad Rodrigo, la Diputaci\u00f3n Provincial de Salamanca y la entidad promotora y coordinadora de la cita (la Asociaci\u00f3n Cultural Civitas), y cuenta con el apoyo del INAEM, la Junta de Extremadura, la Junta de Andaluc\u00eda, la Federaci\u00f3n de Aut\u00f3nomos y Empresarios de la Comarca de Ciudad Rodrigo (AFECIR), COFAE y, este a\u00f1o por primera vez, de la Fundaci\u00f3n Siega Verde.<\/p>\n<p>M\u00e1s informaci\u00f3n en:<br \/>\nwww.feriadeteatro.com <\/p>\n","protected":false},"excerpt":{"rendered":"<p>La segunda jornada de la 26\u00aa Feria de Teatro de Castilla y Le\u00f3n ofrece cinco estrenos absolutos y [&hellip;]<\/p>\n","protected":false},"author":2,"featured_media":9379,"comment_status":"open","ping_status":"open","sticky":false,"template":"","format":"standard","meta":{"footnotes":""},"categories":[7,8],"tags":[80,12,65,13,57,18],"class_list":["post-9378","post","type-post","status-publish","format-standard","has-post-thumbnail","hentry","category-notas-de-prensa","category-noticias","tag-26feria","tag-artesescenicas","tag-castillayleon","tag-companias","tag-cultura","tag-gestioncultural-infanciayjuventud"],"_links":{"self":[{"href":"https:\/\/feriadeteatro.com\/feria2024\/wp-json\/wp\/v2\/posts\/9378","targetHints":{"allow":["GET"]}}],"collection":[{"href":"https:\/\/feriadeteatro.com\/feria2024\/wp-json\/wp\/v2\/posts"}],"about":[{"href":"https:\/\/feriadeteatro.com\/feria2024\/wp-json\/wp\/v2\/types\/post"}],"author":[{"embeddable":true,"href":"https:\/\/feriadeteatro.com\/feria2024\/wp-json\/wp\/v2\/users\/2"}],"replies":[{"embeddable":true,"href":"https:\/\/feriadeteatro.com\/feria2024\/wp-json\/wp\/v2\/comments?post=9378"}],"version-history":[{"count":1,"href":"https:\/\/feriadeteatro.com\/feria2024\/wp-json\/wp\/v2\/posts\/9378\/revisions"}],"predecessor-version":[{"id":9380,"href":"https:\/\/feriadeteatro.com\/feria2024\/wp-json\/wp\/v2\/posts\/9378\/revisions\/9380"}],"wp:featuredmedia":[{"embeddable":true,"href":"https:\/\/feriadeteatro.com\/feria2024\/wp-json\/wp\/v2\/media\/9379"}],"wp:attachment":[{"href":"https:\/\/feriadeteatro.com\/feria2024\/wp-json\/wp\/v2\/media?parent=9378"}],"wp:term":[{"taxonomy":"category","embeddable":true,"href":"https:\/\/feriadeteatro.com\/feria2024\/wp-json\/wp\/v2\/categories?post=9378"},{"taxonomy":"post_tag","embeddable":true,"href":"https:\/\/feriadeteatro.com\/feria2024\/wp-json\/wp\/v2\/tags?post=9378"}],"curies":[{"name":"wp","href":"https:\/\/api.w.org\/{rel}","templated":true}]}}