{"id":9385,"date":"2023-08-23T13:06:42","date_gmt":"2023-08-23T13:06:42","guid":{"rendered":"https:\/\/feriadeteatro.com\/feria2024\/?p=9385"},"modified":"2023-08-23T13:06:42","modified_gmt":"2023-08-23T13:06:42","slug":"la-26a-feria-de-teatro-de-castilla-y-leon-suma-16-funciones-de-12-espectaculos-diferentes-en-el-ecuador-de-su-programa","status":"publish","type":"post","link":"https:\/\/feriadeteatro.com\/feria2024\/la-26a-feria-de-teatro-de-castilla-y-leon-suma-16-funciones-de-12-espectaculos-diferentes-en-el-ecuador-de-su-programa\/","title":{"rendered":"La 26\u00aa Feria de Teatro de Castilla y Le\u00f3n suma 16 funciones de 12 espect\u00e1culos diferentes en el ecuador de su programa"},"content":{"rendered":"<p>La 26\u00aa Feria de Teatro de Castilla y Le\u00f3n suma 16 funciones de 12 espect\u00e1culos diferentes en el ecuador de su programa <\/p>\n<p>La tercera jornada de la Feria de Teatro de Castilla y Le\u00f3n ofrecer\u00e1 el estreno absoluto de &#8216;Restos de un naufragio&#8217;, montaje de la compa\u00f1\u00eda oscense Producciones Viridiana que recrea el universo de Manuel Vicent, adem\u00e1s de la presentaci\u00f3n en Espa\u00f1a de &#8216;PicoPiu&#8217;, un trabajo de danza y m\u00fasica para beb\u00e9s de los portugueses Passos e Compassos.<br \/>\nUna docena de montajes dirigidos a p\u00fablicos de todas las edades, desde beb\u00e9s a espectadores adultos, componen la oferta en la jornada de ma\u00f1ana jueves en la Feria de Teatro, que se celebra en Ciudad Rodrigo y alcanza su ecuador. Los m\u00e1s peque\u00f1os (entre 6 y 36 meses) son, precisamente, los primeros convocados del d\u00eda para participar en un viaje sensorial por los sonidos de la naturaleza en \u2018PicoPiu\u2019, de la compa\u00f1\u00eda de Portugal Passos e Compassos (Espacio en Rosa, 11.00 horas, con un segundo pase a las 12:30 h). Tambi\u00e9n a las 11.00 h, el Teatro Nuevo Fernando Arrabal recibir\u00e1 a los andaluces de Claroscuro Teatro, que representar\u00e1n \u2018El cielo de Sefarad\u2019, un espect\u00e1culo de t\u00edteres, m\u00e1scaras y m\u00fasica en directo para ni\u00f1os y ni\u00f1as mayores de seis a\u00f1os en torno a la expulsi\u00f3n del pueblo sefard\u00ed en la Espa\u00f1a del siglo XV. <\/p>\n<p>Desde las diez de la ma\u00f1ana, los m\u00e1s peque\u00f1os (a partir de 3 a\u00f1os) est\u00e1n convocados tambi\u00e9n a las distintas actividades desplegadas en el programa de animaci\u00f3n infantil Divierteatro, que se desarrolla hasta el s\u00e1bado en las plazas del Buen Alcalde y del Conde.<\/p>\n<p>El estreno absoluto del d\u00eda, \u2018Restos de un naufragio\u2019, de Producciones Viridiana, encierra un homenaje al escritor Manuel Vicent a trav\u00e9s de un texto con citas entresacadas de su literatura y de su faceta como articulista. La puesta en escena se arma con dramaturgia de Jes\u00fas Arbu\u00e9s y Javier Garc\u00eda sobre el escenario (Sala Tierra, 12.30 y 17.30 h).<br \/>\nEl cartel de ma\u00f1ana jueves continuar\u00e1 con segundas oportunidades para asistir a propuestas ya representadas en la jornada de hoy: Brama Teatro, repetir\u00e1 su montaje itinerante e \u00edntimo &#8216;Viudas alegres&#8217; en el entorno de la Plaza Mayor mirobrigense (13.00); Al\u00faa Teatro ofrecer\u00e1 nuevas entregas del espect\u00e1culo que pone de relieve la importancia del vecino yacimiento de Siega Verde en &#8216;Los secretos de la piedra&#8217; (biblioteca Escuela Hogar Los Sitios, 13.00, 18.00 y 19.30 h); y Ruido Interno repetir\u00e1 con su &#8216;Cervantes, encantado&#8217; dos pases para 25 personas (sal\u00f3n de actos Misioneras-Santa Teresa, 18.00 y 19.30 h).<\/p>\n<p>Otras cinco compa\u00f1\u00edas mostrar\u00e1n sus \u00faltimos espect\u00e1culos en el escaparate de la cita mirobrigense, comenzando por la madrile\u00f1a Factor\u00eda Teatro, que representar\u00e1 \u2018El Marqu\u00e9s de las Navas\u2019 (Teatro Nuevo Fernando Arrabal, 19:00 h), una comedia de enredo in\u00e9dita de Lope de Vega ambientada en la corte de Felipe II e inspirada en hechos reales. Dentro de la programaci\u00f3n al aire libre, los andaluces La Banda de Otro propondr\u00e1n un particular y humor\u00edstico \u2018Rodeo\u2019 lejos del lejano Oeste en el que conviven lenguajes como la m\u00fasica, el circo y el teatro (Jardines de Bolonia, 20.00 h).<\/p>\n<p>De nuevo en el bloque de montajes de sala, los asturianos Higi\u00e9nico Papel Teatro abordar\u00e1n \u2018Cuarteto\u2019, la obra del alem\u00e1n Heiner M\u00fcller inspirada en \u2018Las amistades peligrosas\u2019, de Choderlos de Laclos, de nuevo un trabajo multidisciplinar que combina m\u00fasica, danza, interpretaci\u00f3n y realizaci\u00f3n audiovisual en vivo (Espacio Afecir, 21.00 h). De car\u00e1cter itinerante (con salida en la plaza del Castillo, 22.30 h), las extreme\u00f1as Teatrapo &#038; Berzosax conjugar\u00e1n la m\u00fasica con el humor en \u2018Swing and Show\u2019 entre sonidos de Nueva Orleans y dos maestros de ceremonias con mucho humor. El cartel de esta tercera jornada de la Feria de Teatro se cerrar\u00e1 con los valencianos L\u2019Om-Impreb\u00eds y su \u2018Hoy no estrenamos\u2019 (Patio de los Sitios, 23.30 h), una puesta en escena que habla precisamente del teatro y de su capacidad de cambiar la vida de las personas.<br \/>\nPresentaciones para profesionales<\/p>\n<p>Las actividades paralelas ofrecer\u00e1n distintas presentaciones dirigidas a profesionales. La primera servir\u00e1 para reivindicar la disciplina de la narraci\u00f3n oral esc\u00e9nica a trav\u00e9s de la Asociaci\u00f3n de Profesionales de la Narraci\u00f3n Oral en Espa\u00f1a (AEDA) (Santa Teresa\/Misioneras, 10.00 h). En una segunda convocatoria, la jefa de departamento de la Unidad de Artes Esc\u00e9nicas y M\u00fasica de la Agencia Andaluza de Instituciones Culturales (AAIICC), Isabel P\u00e9rez, dar\u00e1 a conocer la realidad de las artes esc\u00e9nicas de esa comunidad aut\u00f3noma (hotel Conde Rodrigo II, 14.30 h).<br \/>\nPor \u00faltimo, se realizar\u00e1 la presentaci\u00f3n de compa\u00f1\u00edas de Castilla y Le\u00f3n, una iniciativa que se repite en la Feria de Teatro desde hace doce a\u00f1os. En esta ocasi\u00f3n, difundir\u00e1n sus \u00faltimos proyectos la salmantina Lun\u00e1tica Producciones (\u2018Viola Odorata\u2019) y la vallisoletana L\u00fapulo Teatro (\u2018Matar a Francis\u2019), tambi\u00e9n en el hotel Conde Rodrigo II, a las 16.00 horas.<br \/>\nLa 26 Feria de Teatro de Castilla y Le\u00f3n est\u00e1 organizada por la Consejer\u00eda de Cultura, Turismo y Deporte organiza la Feria de Teatro de Castilla y Le\u00f3n con la colaboraci\u00f3n del Ayuntamiento de Ciudad Rodrigo, la Diputaci\u00f3n Provincial de Salamanca y la entidad promotora y coordinadora de la cita (la Asociaci\u00f3n Cultural Civitas), y cuenta con el apoyo del INAEM, la Junta de Extremadura, la Junta de Andaluc\u00eda, la Federaci\u00f3n de Aut\u00f3nomos y Empresarios de la Comarca de Ciudad Rodrigo (AFECIR), COFAE y, este a\u00f1o por primera vez, de la Fundaci\u00f3n Siega Verde.<\/p>\n<p>M\u00e1s informaci\u00f3n en:<br \/>\nwww.feriadeteatro.com <\/p>\n","protected":false},"excerpt":{"rendered":"<p>La 26\u00aa Feria de Teatro de Castilla y Le\u00f3n suma 16 funciones de 12 espect\u00e1culos diferentes en el [&hellip;]<\/p>\n","protected":false},"author":2,"featured_media":9386,"comment_status":"open","ping_status":"open","sticky":false,"template":"","format":"standard","meta":{"footnotes":""},"categories":[7,8],"tags":[80,12,87,61,13,57,58,18],"class_list":["post-9385","post","type-post","status-publish","format-standard","has-post-thumbnail","hentry","category-notas-de-prensa","category-noticias","tag-26feria","tag-artesescenicas","tag-ciascyl","tag-ciudadrodrigo","tag-companias","tag-cultura","tag-feriadeteatro","tag-gestioncultural-infanciayjuventud"],"_links":{"self":[{"href":"https:\/\/feriadeteatro.com\/feria2024\/wp-json\/wp\/v2\/posts\/9385","targetHints":{"allow":["GET"]}}],"collection":[{"href":"https:\/\/feriadeteatro.com\/feria2024\/wp-json\/wp\/v2\/posts"}],"about":[{"href":"https:\/\/feriadeteatro.com\/feria2024\/wp-json\/wp\/v2\/types\/post"}],"author":[{"embeddable":true,"href":"https:\/\/feriadeteatro.com\/feria2024\/wp-json\/wp\/v2\/users\/2"}],"replies":[{"embeddable":true,"href":"https:\/\/feriadeteatro.com\/feria2024\/wp-json\/wp\/v2\/comments?post=9385"}],"version-history":[{"count":1,"href":"https:\/\/feriadeteatro.com\/feria2024\/wp-json\/wp\/v2\/posts\/9385\/revisions"}],"predecessor-version":[{"id":9387,"href":"https:\/\/feriadeteatro.com\/feria2024\/wp-json\/wp\/v2\/posts\/9385\/revisions\/9387"}],"wp:featuredmedia":[{"embeddable":true,"href":"https:\/\/feriadeteatro.com\/feria2024\/wp-json\/wp\/v2\/media\/9386"}],"wp:attachment":[{"href":"https:\/\/feriadeteatro.com\/feria2024\/wp-json\/wp\/v2\/media?parent=9385"}],"wp:term":[{"taxonomy":"category","embeddable":true,"href":"https:\/\/feriadeteatro.com\/feria2024\/wp-json\/wp\/v2\/categories?post=9385"},{"taxonomy":"post_tag","embeddable":true,"href":"https:\/\/feriadeteatro.com\/feria2024\/wp-json\/wp\/v2\/tags?post=9385"}],"curies":[{"name":"wp","href":"https:\/\/api.w.org\/{rel}","templated":true}]}}