{"id":9568,"date":"2023-08-24T15:33:08","date_gmt":"2023-08-24T15:33:08","guid":{"rendered":"https:\/\/feriadeteatro.com\/feria2024\/?p=9568"},"modified":"2023-08-24T15:33:08","modified_gmt":"2023-08-24T15:33:08","slug":"estrenos-de-induoteatro-y-algazara-entre-las-16-propuestas-de-la-26a-feria-de-teatro-de-castilla-y-leon-para-manana-viernes","status":"publish","type":"post","link":"https:\/\/feriadeteatro.com\/feria2024\/estrenos-de-induoteatro-y-algazara-entre-las-16-propuestas-de-la-26a-feria-de-teatro-de-castilla-y-leon-para-manana-viernes\/","title":{"rendered":"Estrenos de Induoteatro y Algazara, entre las 16 propuestas de la 26\u00aa Feria de Teatro de Castilla y Le\u00f3n para ma\u00f1ana viernes"},"content":{"rendered":"<p>Estrenos de Induoteatro y Algazara, entre las 16 propuestas de la 26\u00aa Feria de Teatro de Castilla y Le\u00f3n para ma\u00f1ana viernes<br \/>\n\u2018Fake reality\u2019 y \u2018Me lleva la corriente\u2019 se sumar\u00e1n ma\u00f1ana a la relaci\u00f3n de primicias programadas en Ciudad Rodrigo, que recibir\u00e1 adem\u00e1s la presentaci\u00f3n en espa\u00f1ol de \u2018Mi peque\u00f1o universo\u2019, de Marcel Gros.<br \/>\nCon una programaci\u00f3n matinal eminentemente infantil comenzar\u00e1 la pen\u00faltima jornada de la 26 Feria de Teatro de Castilla y Le\u00f3n, que se celebra hasta el s\u00e1bado en Ciudad Rodrigo. La compa\u00f1\u00eda vasca Teatro Para\u00edso abrir\u00e1 el programa de ma\u00f1ana viernes con \u2018Ludi\u2019, un espect\u00e1culo para ni\u00f1os y ni\u00f1as de entre 2 y 5 a\u00f1os que encierra un juego pedag\u00f3gico con estrellas (Espacio en Rosa, 11.00, 12.30 y 18.00 h). A mayores de 3 a\u00f1os est\u00e1 dirigido el estreno en espa\u00f1ol de \u2018Mi peque\u00f1o universo\u2019, del catal\u00e1n Marcel Gros, un trabajo trenzado con sue\u00f1os, recuerdos e imaginaci\u00f3n que constituye un viaje al mundo infantil (Teatro Nuevo Fernando Arrabal, 11.00 horas). Para la siguiente franja de edad, a partir de 7 a\u00f1os, est\u00e1 concebido \u2018La abeja de m\u00e1s\u2019, de Ana I. Roncero Producciones, adaptaci\u00f3n del cuento hom\u00f3nimo de Andr\u00e9s Pi Andreu (Espacio Afecir, 12.30 h).<br \/>\nYa para p\u00fablico joven y adulto, llegar\u00e1 el primer estreno absoluto del d\u00eda: \u2018Fake reality\u2019, de la formaci\u00f3n andaluza Induoteatro, que se adentra en el mundo de los adolescentes (Sala Tierra, 12.30 y 17.30). El segundo trabajo in\u00e9dito hasta el momento ser\u00e1 \u2018Me lleva la corriente\u2019, del vallisoletano Colectivo Algazara, que se ha inspirado en la cultura tradicional de Castilla y Le\u00f3n para poner en pie un trabajo de danza y m\u00fasica en directo en torno al agua como s\u00edmbolo social (patio Misioneras-Santa Teresa, 20.00 h). Esa pieza, coreografiada e interpretada por Silvia Reguera, estar\u00e1 precedida (en la misma sesi\u00f3n) por la otra firmada por la compa\u00f1\u00eda extreme\u00f1a de \u00c1lvaro Murillo y Libertad Pozo, \u2018Migas con j\u2019, mezcla de danza contempor\u00e1nea, teatro y flamenco. Otra compa\u00f1\u00eda castellana y leonesa, ARVINEDanza, construye desde la danza espa\u00f1ola \u2018Mulier\u2019, que realiza un recorrido por las etapas de la vida de las mujeres (Teatro Nuevo Fernando Arrabal, 19.00 h).<br \/>\nLa programaci\u00f3n al aire libre contar\u00e1 con un espect\u00e1culo multidisciplinar a cargo de los andaluces de La Petite, \u2018L\u00eda\u2019, fusi\u00f3n de teatro, danza y circo que encierra un cuento con tintes de realismo m\u00e1gico para p\u00fablico de todas las edades (Jardines de Bolonia, 20.00 h). Otro espect\u00e1culo de calle, \u2018Aquiles\u2019, de La Fam Teatre, pasear\u00e1 por el centro de Ciudad Rodrigo a una gran figura del h\u00e9roe griego con sus m\u00e1s de cinco metros y medio de altura en un recorrido que se iniciar\u00e1 en la plaza del Castillo (22.30 h).<br \/>\nDe vuelta a las salas, en \u2018Gloria nacional\u2019 los gallegos de Teatro do Noroeste invitar\u00e1n a reflexionar sobre el papel que juega la cultura en la sociedad, y m\u00e1s concretamente la creaci\u00f3n art\u00edstica, a trav\u00e9s de la figura de un escultor (Espacio Afecir, 21.00 h). \u2018Redada familiar\u2019, de los vascos Vaiv\u00e9n Producciones, cerrar\u00e1 la programaci\u00f3n del d\u00eda con un asunto candente, como es el de los delitos inform\u00e1ticos, el acoso cibern\u00e9tico y la privacidad (Patio de los Sitios, 23.30 horas).<br \/>\nCompletan la relaci\u00f3n de 16 representaciones de ma\u00f1ana viernes nuevos pases de dos espect\u00e1culos que ya se han podido ver en la Feria: la coproducci\u00f3n extreme\u00f1a de Teatrapo &#038; Berzosax \u2018Swing and Show\u2019 (itinerante con salida a las 13.00 desde la plaza de del Castillo); y del montaje en torno a los yacimientos de Siega Verde \u2018Los secretos de la piedra\u2019, de la compa\u00f1\u00eda mirobrigense Al\u00faa Teatro (Biblioteca Escuela Hogar Los Sitios, 18.00 y 19.30 horas).<br \/>\nActividad paralela y profesional<br \/>\nLa programaci\u00f3n paralela, que contin\u00faa con la animaci\u00f3n infantil de Divierteatro, aportar\u00e1 tambi\u00e9n ma\u00f1ana una propuesta m\u00e1s: la \u00abacci\u00f3n participativa\u00bb \u2018Oficina de donaciones de historias de amor\u2019, una idea de Clara Garc\u00eda Fraile que cuenta con el apoyo de DAS Theatre Amsterdam y que recoger\u00e1 los relatos donados por voluntarios que acudan a los soportales del Ayuntamiento de Ciudad Rodrigo, entre las 11.30 y las 13.30, dispuestos a compartir experiencias personales.<br \/>\nEn la actividad dise\u00f1ada espec\u00edficamente para profesionales se celebrar\u00e1 un nuevo acto de la Coordinadora de Ferias de Artes Esc\u00e9nicas del Estado (COFAE), que presentar\u00e1 las conclusiones de su estudio sobre la figura del FacilitaPRO, un enlace entre distintos implicados en el sector de las artes esc\u00e9nicas. Dos miembros de la Junta Directiva de la organizaci\u00f3n, Salvador Sanz, director ejecutivo de MadFeria, y Natalia Lloreta, directora ejecutiva de Fira T\u00e1rrega, dar\u00e1n a conocer el documento, que incluye una serie de recomendaciones de buenas pr\u00e1cticas (Colegio Santa Teresa\/Misioneras La Providencia, 10.00 horas). Adem\u00e1s, habr\u00e1 presentaciones del Mercado de las Artes Esc\u00e9nicas (Mercartes) y de la Asociaci\u00f3n de Empresas de Distribuci\u00f3n y Gesti\u00f3n de las Artes Esc\u00e9nicas (ADGAE) en el Hotel Conde Rodrigo II (14.30 h).<br \/>\nOrganizada por la Consejer\u00eda de Cultura, Turismo y Deporte de Castilla y Le\u00f3n, con la colaboraci\u00f3n del Ayuntamiento de Ciudad Rodrigo, la Diputaci\u00f3n Provincial de Salamanca y la promotora y coordinadora de la cita (la Asociaci\u00f3n Cultural Civitas), la Feria de Teatro cuenta con el apoyo del INAEM, la Junta de Extremadura, la Junta de Andaluc\u00eda, la Federaci\u00f3n de Aut\u00f3nomos y Empresarios de la Comarca de Ciudad Rodrigo (AFECIR), COFAE y la Fundaci\u00f3n Siega Verde.<\/p>\n<p>M\u00e1s informaci\u00f3n en:<br \/>\nwww.feriadeteatro.com <\/p>\n","protected":false},"excerpt":{"rendered":"<p>Estrenos de Induoteatro y Algazara, entre las 16 propuestas de la 26\u00aa Feria de Teatro de Castilla y [&hellip;]<\/p>\n","protected":false},"author":2,"featured_media":9577,"comment_status":"open","ping_status":"open","sticky":false,"template":"","format":"standard","meta":{"footnotes":""},"categories":[7,8],"tags":[80,12,13,88,15,69],"class_list":["post-9568","post","type-post","status-publish","format-standard","has-post-thumbnail","hentry","category-notas-de-prensa","category-noticias","tag-26feria","tag-artesescenicas","tag-companias","tag-estrenos","tag-feria","tag-juntadecastillayleon"],"_links":{"self":[{"href":"https:\/\/feriadeteatro.com\/feria2024\/wp-json\/wp\/v2\/posts\/9568","targetHints":{"allow":["GET"]}}],"collection":[{"href":"https:\/\/feriadeteatro.com\/feria2024\/wp-json\/wp\/v2\/posts"}],"about":[{"href":"https:\/\/feriadeteatro.com\/feria2024\/wp-json\/wp\/v2\/types\/post"}],"author":[{"embeddable":true,"href":"https:\/\/feriadeteatro.com\/feria2024\/wp-json\/wp\/v2\/users\/2"}],"replies":[{"embeddable":true,"href":"https:\/\/feriadeteatro.com\/feria2024\/wp-json\/wp\/v2\/comments?post=9568"}],"version-history":[{"count":1,"href":"https:\/\/feriadeteatro.com\/feria2024\/wp-json\/wp\/v2\/posts\/9568\/revisions"}],"predecessor-version":[{"id":9579,"href":"https:\/\/feriadeteatro.com\/feria2024\/wp-json\/wp\/v2\/posts\/9568\/revisions\/9579"}],"wp:featuredmedia":[{"embeddable":true,"href":"https:\/\/feriadeteatro.com\/feria2024\/wp-json\/wp\/v2\/media\/9577"}],"wp:attachment":[{"href":"https:\/\/feriadeteatro.com\/feria2024\/wp-json\/wp\/v2\/media?parent=9568"}],"wp:term":[{"taxonomy":"category","embeddable":true,"href":"https:\/\/feriadeteatro.com\/feria2024\/wp-json\/wp\/v2\/categories?post=9568"},{"taxonomy":"post_tag","embeddable":true,"href":"https:\/\/feriadeteatro.com\/feria2024\/wp-json\/wp\/v2\/tags?post=9568"}],"curies":[{"name":"wp","href":"https:\/\/api.w.org\/{rel}","templated":true}]}}