{"id":9616,"date":"2023-08-25T11:48:12","date_gmt":"2023-08-25T11:48:12","guid":{"rendered":"https:\/\/feriadeteatro.com\/feria2024\/?p=9616"},"modified":"2023-08-25T11:48:36","modified_gmt":"2023-08-25T11:48:36","slug":"la-26a-feria-de-teatro-de-castilla-y-leon-reserva-para-su-ultima-jornada-los-estrenos-absolutos-cucko-in-love-de-francis-j-quiros-y-un-dia-feliz-de-teatro-che-y","status":"publish","type":"post","link":"https:\/\/feriadeteatro.com\/feria2024\/la-26a-feria-de-teatro-de-castilla-y-leon-reserva-para-su-ultima-jornada-los-estrenos-absolutos-cucko-in-love-de-francis-j-quiros-y-un-dia-feliz-de-teatro-che-y\/","title":{"rendered":"La 26\u00aa Feria de Teatro de Castilla y Le\u00f3n reserva para su \u00faltima jornada los estrenos absolutos \u2018Cucko in Love\u2019, de Francis J. Quir\u00f3s, y \u2018Un d\u00eda feliz\u2019, de Teatro Che y Moche"},"content":{"rendered":"<p>La 26\u00aa Feria de Teatro de Castilla y Le\u00f3n reserva para su \u00faltima jornada los estrenos absolutos \u2018Cucko in Love\u2019, de Francis J. Quir\u00f3s, y \u2018Un d\u00eda feliz\u2019, de Teatro Che y Moche<br \/>\nUn total de quince funciones integran la oferta de la jornada de despedida de la vig\u00e9sima sexta Feria de Teatro de Castilla y Le\u00f3n. Los distintos escenarios de Ciudad Rodrigo recibir\u00e1n propuestas diversas y para todos los p\u00fablicos ma\u00f1ana s\u00e1bado, cuando se entregar\u00e1n los Premios del P\u00fablico y Provincia a Escena correspondientes a la pasada edici\u00f3n. <\/p>\n<p>La 26 Feria de Teatro de Castilla y Le\u00f3n se despedir\u00e1 ma\u00f1ana s\u00e1bado de los espectadores y profesionales del sector con espect\u00e1culos de g\u00e9neros diversos para todo tipo de p\u00fablicos y los dos \u00faltimos estrenos absolutos de un total de 15 programados en Ciudad Rodrigo a lo largo de cinco d\u00edas. La primera de esas novedades estar\u00e1 dirigida a espectadores a partir de los 12 a\u00f1os: \u2018Cucko in Love\u2019, un viaje a las emociones del amor dirigido por Sara Jim\u00e9nez que es una secuela de un trabajo anterior de la extreme\u00f1a Francis J. Quir\u00f3s Producciones (Sala Tierra, 12.30 y 17.30 horas). La segunda ser\u00e1 el espect\u00e1culo de clausura: \u2018Un d\u00eda feliz\u2019, de Teatro Che y Moche (Patio de los Sitios, 23.30 h), una historia de fantasmas contada en formato de teatro musical, entre melod\u00edas z\u00edngaras interpretadas en directo, que recurre tambi\u00e9n a registros del teatro gestual, de texto e improvisaci\u00f3n.<br \/>\nLa actividad comenzar\u00e1 a las 10 de la ma\u00f1ana, con las sesiones finales del programa de animaci\u00f3n infantil Divierteatro, a las que seguir\u00e1n otras tres obras dirigidas a los espectadores m\u00e1s j\u00f3venes. La compa\u00f1\u00eda portuguesa Part\u00edculas Elementares mostrar\u00e1 a ni\u00f1os y ni\u00f1as a partir de 3 a\u00f1os \u2018Nido\u2019 (Espacio en Rosa, 11.00 y 12.30 h), una pieza de poes\u00eda visual de marionetas con una invitaci\u00f3n a dejar volar la imaginaci\u00f3n y a valorar las cosas peque\u00f1as. La balear Min\u00facia Teatre recalar\u00e1 en el Teatro Nuevo Fernando Arrabal (11.00 h) con \u2018La maleta\u2019 en la que guardan los recuerdos, las emociones y los sentimientos de la vida. Y los madrile\u00f1os de L\u00e9golas Colectivo Esc\u00e9nico se dirigir\u00e1 a un auditorio de mayores de 7 a\u00f1os con \u2018\u00d1aque de amor y espadas\u2019 (Espacio Afecir, 12.30 h) para contar historias de capa y espada, amores y enredos del Siglo de Oro en un gui\u00f1o a los cl\u00e1sicos de ese periodo.<br \/>\nLa actividad vespertina tambi\u00e9n revisitar\u00e1 los cl\u00e1sicos, en este caso a Moli\u00e8re, con la puesta en escena para j\u00f3venes y adultos de \u2018Tartufo\u2019, a cargo de los extreme\u00f1os Teatro de Papel Producciones, que trasladan a los tiempos actuales la impostura del c\u00e9lebre personaje (Teatro Nuevo Fernando Arrabal, 19.00 h). Ya en la recta final, la castellanas y leonesas LaImperfekta y Teatro y Clau_top\u00eda propondr\u00e1n un viaje \u2018Hacia la ra\u00edz\u2019 que encierra un recorrido por la vida de una mujer desde la infancia a la vejez (Espacio Afecir, 21.00 h); y la extreme\u00f1a Teatrapo Producciones itinerar\u00e1 desde la plaza del Castillo (22.30 h) con su \u2018Dark Flama\u2019, un espect\u00e1culo en el que \u00abel fuego arde contra la tiran\u00eda, las mentiras y las guerras de todos los lugares\u00bb, tal como reza su carta de presentaci\u00f3n.<br \/>\nAdem\u00e1s de esos montajes que tienen en la \u00faltima jornada su primera representaci\u00f3n dentro de la Feria de Teatro de Castilla y Le\u00f3n, el programa brindar\u00e1 nuevas oportunidades de asistir a propuestas ya representadas en la cita esc\u00e9nica mirobrigense. La Fam Teatre volver\u00e1 a pasear su gigante \u2018Aquiles\u2019 desde la plaza de Herrasti (13.00 h); Al\u00faa Teatro culminar\u00e1 su reivindicaci\u00f3n de los yacimientos de Siega Verde con \u2018Los secretos de la piedra\u2019 (Biblioteca Escuela Hogar Los Sitios, 18.00 y 19.30 horas); y La Petite interpretar\u00e1 de nuevo \u2018L\u00eda\u2019, fusi\u00f3n de teatro, danza y circo, en los Jardines de Bolonia (20.00 h).<br \/>\nAdem\u00e1s, dentro de la programaci\u00f3n paralela se mantendr\u00e1 abierta la \u2018Oficina de donaciones de historias de amor\u2019, una acci\u00f3n participativa a cargo de Clara Garc\u00eda Fraile, que recibir\u00e1 al p\u00fablico en los soportales del Ayuntamiento de 11.30 a 13.30 y de 19.30 a 22.00 horas.<br \/>\nEntrega de los Premios del P\u00fablico y Provincia a Escena<br \/>\nLa Asociaci\u00f3n de Amigos del Teatro de Ciudad Rodrigo, que este a\u00f1o celebra veinte a\u00f1os de vida, convoca de nuevo los Premios del P\u00fablico, con los que los espectadores elegir\u00e1n por votaci\u00f3n los mejores espect\u00e1culos. Los correspondientes a la pasada edici\u00f3n se entregar\u00e1n ma\u00f1ana (Espacio Afecir, 21.00 h) a La Maquin\u00e9 por \u2018Estaci\u00f3n Para\u00edso\u2019, como Mejor espect\u00e1culo para p\u00fablico infantil y familiar; a A Panadar\u00eda por \u2018Las que limpian\u2019, en la modalidad Mejor espect\u00e1culo de sala para p\u00fablico joven y adulto, y a \u2018Cor\u00e3\u00e7ao nas m\u00e3os\u2019 por \u2018Ch\u00e1 das cinco\u2019, en la categor\u00eda de Mejor espect\u00e1culo de artes de calle.<br \/>\nEn el mismo acto se har\u00e1 entrega del Premio Provincia a Escena al montaje \u201cAlas para \u00c1lex\u201d, de Baobab Teatro. Este galard\u00f3n, creado por la Diputaci\u00f3n de Salamanca para celebrar el 25 aniversario de la Feria y que este a\u00f1o celebra su segunda edici\u00f3n, distingue un trabajo para p\u00fablico infantil y familiar de la cita esc\u00e9nica mirobrigense que pasar\u00e1 a formar parte de la programaci\u00f3n del festival hom\u00f3nimo por los pueblos de la provincia salmantina.<br \/>\nOrganizada por la Consejer\u00eda de Cultura, Turismo y Deporte de Castilla y Le\u00f3n, con la colaboraci\u00f3n del Ayuntamiento de Ciudad Rodrigo, la Diputaci\u00f3n Provincial de Salamanca y la promotora y coordinadora de la cita (la Asociaci\u00f3n Cultural Civitas), la Feria de Teatro cuenta con el apoyo del INAEM, la Junta de Extremadura, la Junta de Andaluc\u00eda, la Federaci\u00f3n de Aut\u00f3nomos y Empresarios de la Comarca de Ciudad Rodrigo (AFECIR), COFAE y la Fundaci\u00f3n Siega Verde.<\/p>\n<p>M\u00e1s informaci\u00f3n en:<br \/>\nwww.feriadeteatro.com <\/p>\n","protected":false},"excerpt":{"rendered":"<p>La 26\u00aa Feria de Teatro de Castilla y Le\u00f3n reserva para su \u00faltima jornada los estrenos absolutos \u2018Cucko [&hellip;]<\/p>\n","protected":false},"author":2,"featured_media":9617,"comment_status":"open","ping_status":"open","sticky":false,"template":"","format":"standard","meta":{"footnotes":""},"categories":[7,8],"tags":[80,12,88,15,85,31],"class_list":["post-9616","post","type-post","status-publish","format-standard","has-post-thumbnail","hentry","category-notas-de-prensa","category-noticias","tag-26feria","tag-artesescenicas","tag-estrenos","tag-feria","tag-publico","tag-teatro"],"_links":{"self":[{"href":"https:\/\/feriadeteatro.com\/feria2024\/wp-json\/wp\/v2\/posts\/9616","targetHints":{"allow":["GET"]}}],"collection":[{"href":"https:\/\/feriadeteatro.com\/feria2024\/wp-json\/wp\/v2\/posts"}],"about":[{"href":"https:\/\/feriadeteatro.com\/feria2024\/wp-json\/wp\/v2\/types\/post"}],"author":[{"embeddable":true,"href":"https:\/\/feriadeteatro.com\/feria2024\/wp-json\/wp\/v2\/users\/2"}],"replies":[{"embeddable":true,"href":"https:\/\/feriadeteatro.com\/feria2024\/wp-json\/wp\/v2\/comments?post=9616"}],"version-history":[{"count":1,"href":"https:\/\/feriadeteatro.com\/feria2024\/wp-json\/wp\/v2\/posts\/9616\/revisions"}],"predecessor-version":[{"id":9652,"href":"https:\/\/feriadeteatro.com\/feria2024\/wp-json\/wp\/v2\/posts\/9616\/revisions\/9652"}],"wp:featuredmedia":[{"embeddable":true,"href":"https:\/\/feriadeteatro.com\/feria2024\/wp-json\/wp\/v2\/media\/9617"}],"wp:attachment":[{"href":"https:\/\/feriadeteatro.com\/feria2024\/wp-json\/wp\/v2\/media?parent=9616"}],"wp:term":[{"taxonomy":"category","embeddable":true,"href":"https:\/\/feriadeteatro.com\/feria2024\/wp-json\/wp\/v2\/categories?post=9616"},{"taxonomy":"post_tag","embeddable":true,"href":"https:\/\/feriadeteatro.com\/feria2024\/wp-json\/wp\/v2\/tags?post=9616"}],"curies":[{"name":"wp","href":"https:\/\/api.w.org\/{rel}","templated":true}]}}