{"id":9990,"date":"2023-08-29T11:20:51","date_gmt":"2023-08-29T11:20:51","guid":{"rendered":"https:\/\/feriadeteatro.com\/feria2024\/?p=9990"},"modified":"2023-08-29T11:20:51","modified_gmt":"2023-08-29T11:20:51","slug":"los-espectaculos-de-david-vento-dance-theater-lom-imprebis-y-marcel-gros-reciben-los-premios-del-publico-de-la-26a-feria-de-teatro-de-castilla-y-leon","status":"publish","type":"post","link":"https:\/\/feriadeteatro.com\/feria2024\/los-espectaculos-de-david-vento-dance-theater-lom-imprebis-y-marcel-gros-reciben-los-premios-del-publico-de-la-26a-feria-de-teatro-de-castilla-y-leon\/","title":{"rendered":"Los espect\u00e1culos de David Vento Dance Theater, L\u2019Om-Impreb\u00eds y Marcel Gros reciben los premios del p\u00fablico de la 26\u00aa Feria de Teatro de Castilla y Le\u00f3n"},"content":{"rendered":"<p>Los espect\u00e1culos de David Vento Dance Theater, L\u2019Om-Impreb\u00eds y Marcel Gros reciben los premios del p\u00fablico de la 26\u00aa Feria de Teatro de Castilla y Le\u00f3n<br \/>\nM\u00e1s de quinientos espectadores han elegido, con sus votos a trav\u00e9s de la aplicaci\u00f3n de la Feria de Teatro, las mejores producciones de esta edici\u00f3n que, organizada por la Consejer\u00eda de Cultura, Turismo y Deporte de la Junta de Castilla y Le\u00f3n, bajaba el tel\u00f3n el pasado s\u00e1bado 26.<\/p>\n<p>El estreno de \u2018De neanderthal a sapiens\u2019, de David Vento Dance Theater, ha convencido al p\u00fablico, que le ha otorgado el premio al Mejor espect\u00e1culo de artes de calle. \u2018Mi peque\u00f1o universo\u2019, estreno en espa\u00f1ol del catal\u00e1n Marcel Gros ha sido el elegido como Mejor espect\u00e1culo para p\u00fablico infantil y familiar. Finalmente, el premio al Mejor espect\u00e1culo de sala recae en \u2018Hoy no estrenamos\u2019, de los valencianos L\u2019Om-Impreb\u00eds.<br \/>\nLa Asociaci\u00f3n de Amigos del Teatro de Ciudad Rodrigo, que este a\u00f1o celebra su vig\u00e9simo aniversario, convocaba de nuevo los Premios del P\u00fablico, logrando que m\u00e1s de quinientos espectadores decidieran por votaci\u00f3n, a trav\u00e9s de la aplicaci\u00f3n de la Feria, los mejores espect\u00e1culos de esta 26\u00aa Feria de Teatro.  La compa\u00f1\u00eda castellana y leonesa David Vento Dance Theater, que estrenaba en la jornada inaugural \u2018De neanderthal a sapiens\u2019, se lleva el premio al Mejor Espect\u00e1culo de Calle por un trabajo que mostraba la riqueza monumental de la catedral de Ciudad Rodrigo. Ejemplo de la fusi\u00f3n de g\u00e9neros y lenguajes, el montaje se serv\u00eda de recursos de danza, teatro, circo, videoarte, multimedia y m\u00fasica en directo, interpretada por Silberius de Ura y el organista de la seo mirobrigense, Manuel Jos\u00e9 Guti\u00e9rrez.<br \/>\nEn la modalidad Mejor espect\u00e1culo de sala para p\u00fablico joven y adulto, ha resultado ganador la producci\u00f3n de los valencianos L\u2019Om-Impreb\u00eds por su \u2018Hoy no estrenamos\u2019, una puesta en escena que hablaba del teatro y de su capacidad para cambiar la vida de las personas.<br \/>\nFinalmente, el estreno en espa\u00f1ol de \u2018Mi peque\u00f1o universo\u2019, del catal\u00e1n Marcel Gros, convenc\u00eda al p\u00fablico en la categor\u00eda de Mejor espect\u00e1culo de artes de calle. Gros pon\u00eda en escena en el Teatro Nuevo Fernando Arrabal una obra trenzada con sue\u00f1os, recuerdos e imaginaci\u00f3n que constitu\u00eda un viaje al mundo infantil.<br \/>\nM\u00e1s premios en la 26\u00aa Feria de Teatro<br \/>\nAyer la organizaci\u00f3n de la vigesimosexta edici\u00f3n de la Feria de Teatro anunciaba el reci\u00e9n incorporado Premio ARCA, a trav\u00e9s del que la cita mirobrigense y el encuentro aguilarense establecen un puente de comunicaci\u00f3n entre el norte y el sur de Castilla y Le\u00f3n. Reca\u00eda en la compa\u00f1\u00eda Ni\u00f1as Malditas, por su espect\u00e1culo \u2018Brillante, droga\u2019, propuesta de circo contempor\u00e1neo que incorpora dramaturgia visual para reflexionar sobre la dependencia de los m\u00f3viles.<br \/>\nAmbos proyectos trabajan para la promoci\u00f3n del territorio desde el \u00e1mbito de la gesti\u00f3n cultural en entornos rurales y apuestan por las artes de calle, la calidad y la diversidad de formatos, razones por las que se creaba este premio especial, a trav\u00e9s del que \u2018Brillante, droga\u2019 formar\u00e1 parte de la programaci\u00f3n de ARCA en 2024 y, por otro lado, \u2018Poi\u2019, de Cia D\u2019ES TRO, estar\u00e1 en el programa de la 27\u00aa Feria de Teatro.<br \/>\nAdem\u00e1s, los programadores de los pueblos de Salamanca que han acudido a la Feria en esta edici\u00f3n elegir\u00e1n en los pr\u00f3ximos d\u00edas el premio Provincia a Escena, galard\u00f3n creado por la Diputaci\u00f3n de Salamanca en 2022 y que distingue un trabajo para p\u00fablico infantil y familiar que pasar\u00e1 a formar parte de la programaci\u00f3n del festival hom\u00f3nimo por los pueblos de la provincia salmantina.<br \/>\nOrganizada por la Consejer\u00eda de Cultura, Turismo y Deporte de Castilla y Le\u00f3n, con la colaboraci\u00f3n del Ayuntamiento de Ciudad Rodrigo, la Diputaci\u00f3n Provincial de Salamanca y la promotora y coordinadora de la cita (la Asociaci\u00f3n Cultural Civitas), la Feria de Teatro cuenta con el apoyo del INAEM, la Junta de Extremadura, la Junta de Andaluc\u00eda, la Federaci\u00f3n de Aut\u00f3nomos y Empresarios de la Comarca de Ciudad Rodrigo (AFECIR), COFAE y la Fundaci\u00f3n Siega Verde.<\/p>\n<p>M\u00e1s informaci\u00f3n: www.feriadeteatro.com <\/p>\n","protected":false},"excerpt":{"rendered":"<p>Los espect\u00e1culos de David Vento Dance Theater, L\u2019Om-Impreb\u00eds y Marcel Gros reciben los premios del p\u00fablico de la [&hellip;]<\/p>\n","protected":false},"author":2,"featured_media":9991,"comment_status":"open","ping_status":"open","sticky":false,"template":"","format":"standard","meta":{"footnotes":""},"categories":[7,8],"tags":[80,12,13,27,85],"class_list":["post-9990","post","type-post","status-publish","format-standard","has-post-thumbnail","hentry","category-notas-de-prensa","category-noticias","tag-26feria","tag-artesescenicas","tag-companias","tag-premios","tag-publico"],"_links":{"self":[{"href":"https:\/\/feriadeteatro.com\/feria2024\/wp-json\/wp\/v2\/posts\/9990","targetHints":{"allow":["GET"]}}],"collection":[{"href":"https:\/\/feriadeteatro.com\/feria2024\/wp-json\/wp\/v2\/posts"}],"about":[{"href":"https:\/\/feriadeteatro.com\/feria2024\/wp-json\/wp\/v2\/types\/post"}],"author":[{"embeddable":true,"href":"https:\/\/feriadeteatro.com\/feria2024\/wp-json\/wp\/v2\/users\/2"}],"replies":[{"embeddable":true,"href":"https:\/\/feriadeteatro.com\/feria2024\/wp-json\/wp\/v2\/comments?post=9990"}],"version-history":[{"count":1,"href":"https:\/\/feriadeteatro.com\/feria2024\/wp-json\/wp\/v2\/posts\/9990\/revisions"}],"predecessor-version":[{"id":9992,"href":"https:\/\/feriadeteatro.com\/feria2024\/wp-json\/wp\/v2\/posts\/9990\/revisions\/9992"}],"wp:featuredmedia":[{"embeddable":true,"href":"https:\/\/feriadeteatro.com\/feria2024\/wp-json\/wp\/v2\/media\/9991"}],"wp:attachment":[{"href":"https:\/\/feriadeteatro.com\/feria2024\/wp-json\/wp\/v2\/media?parent=9990"}],"wp:term":[{"taxonomy":"category","embeddable":true,"href":"https:\/\/feriadeteatro.com\/feria2024\/wp-json\/wp\/v2\/categories?post=9990"},{"taxonomy":"post_tag","embeddable":true,"href":"https:\/\/feriadeteatro.com\/feria2024\/wp-json\/wp\/v2\/tags?post=9990"}],"curies":[{"name":"wp","href":"https:\/\/api.w.org\/{rel}","templated":true}]}}