{"id":13205,"date":"2026-04-06T10:04:58","date_gmt":"2026-04-06T09:04:58","guid":{"rendered":"https:\/\/feriadeteatro.com\/feria2026\/?p=13205"},"modified":"2026-04-06T10:04:58","modified_gmt":"2026-04-06T09:04:58","slug":"entrega-del-premio-a-mejor-espectaculo-infantil-familiar-de-la-28oferia-a-la-pera-llimonera","status":"publish","type":"post","link":"https:\/\/feriadeteatro.com\/feria2026\/entrega-del-premio-a-mejor-espectaculo-infantil-familiar-de-la-28oferia-a-la-pera-llimonera\/","title":{"rendered":"ENTREGA DEL PREMIO A MEJOR ESPECT\u00c1CULO INFANTIL\/FAMILIAR DE LA 28\u00baFERIA A LA PERA LLIMONERA"},"content":{"rendered":"<p>El pasado 25 de marzo, dentro del programa municipal de Escuela de Espectadores y Espectadoras de Ciudad Rodrigo se entreg\u00f3 el Premio del p\u00fablico a mejor esepct\u00e1culo Infantil y Familiar de la pasada edici\u00f3n de la Feria de Teatro de Castilla y Le\u00f3n a la compa\u00f1\u00eda catalana La Pera Llimonera por su espect\u00e1culo \u00abRucs, el maleficio del brujo\u00bb.<br \/>\nLos ni\u00f1os y ni\u00f1as de Ciudad Rodrigo pudieron disfrutar de este espect\u00e1culo y acto seguido se realiz\u00f3 la entrega del premio por parte de Bel\u00e9n Barco concejala de Cultura del Ayuntamiento y la Asociaci\u00f3n de Amigos\/as del Teatro de Ciudad Rodrigo. <\/p>\n","protected":false},"excerpt":{"rendered":"<p>El pasado 25 de marzo, dentro del programa municipal de Escuela de Espectadores y Espectadoras de Ciudad Rodrigo [&hellip;]<\/p>\n","protected":false},"author":2,"featured_media":13206,"comment_status":"closed","ping_status":"closed","sticky":false,"template":"","format":"standard","meta":{"footnotes":""},"categories":[8],"tags":[105,12,13,57,68,27,85],"class_list":["post-13205","post","type-post","status-publish","format-standard","has-post-thumbnail","hentry","category-noticias","tag-28feria","tag-artesescenicas","tag-companias","tag-cultura","tag-feriaartesescenicas","tag-premios","tag-publico"],"_links":{"self":[{"href":"https:\/\/feriadeteatro.com\/feria2026\/wp-json\/wp\/v2\/posts\/13205","targetHints":{"allow":["GET"]}}],"collection":[{"href":"https:\/\/feriadeteatro.com\/feria2026\/wp-json\/wp\/v2\/posts"}],"about":[{"href":"https:\/\/feriadeteatro.com\/feria2026\/wp-json\/wp\/v2\/types\/post"}],"author":[{"embeddable":true,"href":"https:\/\/feriadeteatro.com\/feria2026\/wp-json\/wp\/v2\/users\/2"}],"replies":[{"embeddable":true,"href":"https:\/\/feriadeteatro.com\/feria2026\/wp-json\/wp\/v2\/comments?post=13205"}],"version-history":[{"count":1,"href":"https:\/\/feriadeteatro.com\/feria2026\/wp-json\/wp\/v2\/posts\/13205\/revisions"}],"predecessor-version":[{"id":13207,"href":"https:\/\/feriadeteatro.com\/feria2026\/wp-json\/wp\/v2\/posts\/13205\/revisions\/13207"}],"wp:featuredmedia":[{"embeddable":true,"href":"https:\/\/feriadeteatro.com\/feria2026\/wp-json\/wp\/v2\/media\/13206"}],"wp:attachment":[{"href":"https:\/\/feriadeteatro.com\/feria2026\/wp-json\/wp\/v2\/media?parent=13205"}],"wp:term":[{"taxonomy":"category","embeddable":true,"href":"https:\/\/feriadeteatro.com\/feria2026\/wp-json\/wp\/v2\/categories?post=13205"},{"taxonomy":"post_tag","embeddable":true,"href":"https:\/\/feriadeteatro.com\/feria2026\/wp-json\/wp\/v2\/tags?post=13205"}],"curies":[{"name":"wp","href":"https:\/\/api.w.org\/{rel}","templated":true}]}}