{"id":13208,"date":"2026-04-06T10:10:24","date_gmt":"2026-04-06T09:10:24","guid":{"rendered":"https:\/\/feriadeteatro.com\/feria2026\/?p=13208"},"modified":"2026-04-06T10:10:24","modified_gmt":"2026-04-06T09:10:24","slug":"datos-de-impacto-de-la-28o-feria-de-teatro","status":"publish","type":"post","link":"https:\/\/feriadeteatro.com\/feria2026\/datos-de-impacto-de-la-28o-feria-de-teatro\/","title":{"rendered":"DATOS DE IMPACTO DE LA 28\u00ba FERIA DE TEATRO"},"content":{"rendered":"<p>El 100% de las compa\u00f1\u00edas repetir\u00eda su participaci\u00f3n en la Feria de Teatro, con una puntuaci\u00f3n media de 8,6 puntos sobre diez en cuanto a su grado de<br \/>\nsatisfacci\u00f3n general. El 85% ya ha cerrado contrataciones con un impacto directo en contrataciones por un valor en cach\u00e9s superior a un mill\u00f3n de euros en solocuatro meses.<\/p>\n<p>Desde el equipo de organizaci\u00f3n de la Feria de Teatro de Castilla y Le\u00f3n, como parte de sus objetivos de gesti\u00f3n, un a\u00f1o m\u00e1s se ha realizado un an\u00e1lisis de<br \/>\nmercado analizando la repercusi\u00f3n que ha tenido para las compa\u00f1\u00edas programadas su presencia en la 28\u00aa edici\u00f3n de la Feria, celebrada en agosto de 2025. Han<br \/>\nparticipado en este estudio el 100% de las compa\u00f1\u00edas; y se ha analizado la repercusi\u00f3n comercial en los cuatro meses posteriores a su presencia en Ciudad<br \/>\nRodrigo, lo cual significa un corto periodo de tiempo para medir la incidencia total de su participaci\u00f3n, por lo que es pronto para cuantificar el impacto econ\u00f3mico generado, pero si nos aporta valiosos indicadores y tendencias de c\u00f3mo la Feria ha cumplido sus fines de estimulaci\u00f3n del mercado esc\u00e9nico.<\/p>\n<p>Los resultados obtenidos son similares a los de las \u00faltimas ediciones, donde ocho de cada diez compa\u00f1\u00edas ya hab\u00edan conseguido contratos como consecuencia<br \/>\nde su participaci\u00f3n en la Feria en tan solo cuatro meses. La media de contrataciones es de 13 por cada compa\u00f1\u00eda y el 100% de las compa\u00f1\u00edas manifiestan que repetir\u00edan su participaci\u00f3n en la Feria. Por encima de la comercializaci\u00f3n, ser seleccionadas para la Feria de Teatro supone una marca de calidad para los espect\u00e1culos y la Feria cumple una funci\u00f3n muy importante como prescriptora de espect\u00e1culos. <\/p>\n<p>El informe completo se puede consultar en esta web en el apartado de descargas.<\/p>\n","protected":false},"excerpt":{"rendered":"<p>El 100% de las compa\u00f1\u00edas repetir\u00eda su participaci\u00f3n en la Feria de Teatro, con una puntuaci\u00f3n media de [&hellip;]<\/p>\n","protected":false},"author":2,"featured_media":12854,"comment_status":"closed","ping_status":"closed","sticky":false,"template":"","format":"standard","meta":{"footnotes":""},"categories":[8],"tags":[105,12,13,57,107,15,112,24,25],"class_list":["post-13208","post","type-post","status-publish","format-standard","has-post-thumbnail","hentry","category-noticias","tag-28feria","tag-artesescenicas","tag-companias","tag-cultura","tag-espectaculos","tag-feria","tag-feriadeloccidente","tag-mercado","tag-mercadoprofesional"],"_links":{"self":[{"href":"https:\/\/feriadeteatro.com\/feria2026\/wp-json\/wp\/v2\/posts\/13208","targetHints":{"allow":["GET"]}}],"collection":[{"href":"https:\/\/feriadeteatro.com\/feria2026\/wp-json\/wp\/v2\/posts"}],"about":[{"href":"https:\/\/feriadeteatro.com\/feria2026\/wp-json\/wp\/v2\/types\/post"}],"author":[{"embeddable":true,"href":"https:\/\/feriadeteatro.com\/feria2026\/wp-json\/wp\/v2\/users\/2"}],"replies":[{"embeddable":true,"href":"https:\/\/feriadeteatro.com\/feria2026\/wp-json\/wp\/v2\/comments?post=13208"}],"version-history":[{"count":1,"href":"https:\/\/feriadeteatro.com\/feria2026\/wp-json\/wp\/v2\/posts\/13208\/revisions"}],"predecessor-version":[{"id":13209,"href":"https:\/\/feriadeteatro.com\/feria2026\/wp-json\/wp\/v2\/posts\/13208\/revisions\/13209"}],"wp:featuredmedia":[{"embeddable":true,"href":"https:\/\/feriadeteatro.com\/feria2026\/wp-json\/wp\/v2\/media\/12854"}],"wp:attachment":[{"href":"https:\/\/feriadeteatro.com\/feria2026\/wp-json\/wp\/v2\/media?parent=13208"}],"wp:term":[{"taxonomy":"category","embeddable":true,"href":"https:\/\/feriadeteatro.com\/feria2026\/wp-json\/wp\/v2\/categories?post=13208"},{"taxonomy":"post_tag","embeddable":true,"href":"https:\/\/feriadeteatro.com\/feria2026\/wp-json\/wp\/v2\/tags?post=13208"}],"curies":[{"name":"wp","href":"https:\/\/api.w.org\/{rel}","templated":true}]}}